{"id":76689,"date":"2020-06-26T17:05:20","date_gmt":"2020-06-26T20:05:20","guid":{"rendered":"https:\/\/eldiariodesanpedro.com.ar\/sitio\/?p=76689"},"modified":"2020-06-26T17:05:23","modified_gmt":"2020-06-26T20:05:23","slug":"ramallo-la-vecina-localidad-podia-retrotraerse-de-fase","status":"publish","type":"post","link":"https:\/\/eldiariodesanpedro.com.ar\/sitio\/ramallo-la-vecina-localidad-podia-retrotraerse-de-fase\/","title":{"rendered":"RAMALLO | La vecina localidad pod\u00eda retrotraerse de fase"},"content":{"rendered":"<!-- VideographyWP Plugin Message: Automatic video embedding prevented by plugin options. -->\n\n<p>As\u00ed lo confirm\u00f3 el intendente Gustavo Perie en declaraciones radiales. Esto se desprende de la confirmaci\u00f3n del caso positivo en las \u00faltimas horas, pero depender\u00e1 de lo que anuncie el presidente Alberto Fern\u00e1ndez y el gobernador Axel Kicillof en las pr\u00f3ximas horas.&nbsp;<\/p>\n\n\n\n<p>\u201cEs algo que no esper\u00e1bamos, este caso apareci\u00f3 anoche. No ten\u00edamos ning\u00fan caso sospechoso, se hace un hisopado rutinario para un traslado y aparece positivo\u201d, sostuvo Perie.&nbsp;<\/p>\n\n\n\n<p>Consultado sobre contin\u00faa el sistema de fases en Ramallo, el intendente explic\u00f3 que \u201chasta el momento estamos fase 5, pero estamos analizando con provincia como sigue este caso, como retrotraemos y como se hace el estudio.&nbsp;<\/p>\n\n\n\n<p>Esperamos tener todos los hisopados y sus resultados para tomar las decisiones, porque talvez no sea la fase 4, sino sea la fase 2 o la 1. Seguimos avanzando de forma prudente, esperando las medidas nacionales y provinciales. Si este caso ya nos ubica en la fase anterior, ya lo estaremos comunicando\u201d.<\/p>\n\n\n\n<p>Si bien descart\u00f3 que haya circulaci\u00f3n comunitaria del virus, aclar\u00f3 que no se est\u00e1 exento de contagios. \u201cVamos a tener contagios, lo ideal es que no sea excesiva la cantidad de contagios, porque este virus se propaga muy r\u00e1pido para que el sistema de salud pueda contener esa cantidad de personas.<\/p>\n\n\n\n<p>Fuente: <a href=\"https:\/\/www.ramalloinforma.com.ar\/interes-general\/ramallo-podia-retrotraerse-de-fase\/\">Ramallo Ciudad<\/a><\/p>\n","protected":false},"excerpt":{"rendered":"<p>As\u00ed lo confirm\u00f3 el intendente Gustavo Perie en declaraciones radiales. Esto se desprende de la confirmaci\u00f3n del caso positivo en las \u00faltimas horas, pero depender\u00e1 de lo que anuncie el presidente Alberto Fern\u00e1ndez y el gobernador Axel Kicillof en las pr\u00f3ximas horas.&nbsp; \u201cEs algo que no esper\u00e1bamos, este caso apareci\u00f3 anoche. No ten\u00edamos ning\u00fan caso [&hellip;]<\/p>\n","protected":false},"author":4,"featured_media":76690,"comment_status":"open","ping_status":"closed","sticky":false,"template":"","format":"standard","meta":{"om_disable_all_campaigns":false,"_jetpack_memberships_contains_paid_content":false,"footnotes":""},"categories":[621],"tags":[833,347,681],"class_list":["post-76689","post","type-post","status-publish","format-standard","has-post-thumbnail","hentry","category-regionales","tag-covid","tag-ramallo","tag-regionales"],"aioseo_notices":[],"gutentor_comment":0,"jetpack_featured_media_url":"https:\/\/eldiariodesanpedro.com.ar\/sitio\/wp-content\/uploads\/2020\/06\/perieanuncio.jpg","jetpack_shortlink":"https:\/\/wp.me\/p6RhLt-jWV","jetpack_sharing_enabled":true,"_links":{"self":[{"href":"https:\/\/eldiariodesanpedro.com.ar\/sitio\/wp-json\/wp\/v2\/posts\/76689","targetHints":{"allow":["GET"]}}],"collection":[{"href":"https:\/\/eldiariodesanpedro.com.ar\/sitio\/wp-json\/wp\/v2\/posts"}],"about":[{"href":"https:\/\/eldiariodesanpedro.com.ar\/sitio\/wp-json\/wp\/v2\/types\/post"}],"author":[{"embeddable":true,"href":"https:\/\/eldiariodesanpedro.com.ar\/sitio\/wp-json\/wp\/v2\/users\/4"}],"replies":[{"embeddable":true,"href":"https:\/\/eldiariodesanpedro.com.ar\/sitio\/wp-json\/wp\/v2\/comments?post=76689"}],"version-history":[{"count":1,"href":"https:\/\/eldiariodesanpedro.com.ar\/sitio\/wp-json\/wp\/v2\/posts\/76689\/revisions"}],"predecessor-version":[{"id":76691,"href":"https:\/\/eldiariodesanpedro.com.ar\/sitio\/wp-json\/wp\/v2\/posts\/76689\/revisions\/76691"}],"wp:featuredmedia":[{"embeddable":true,"href":"https:\/\/eldiariodesanpedro.com.ar\/sitio\/wp-json\/wp\/v2\/media\/76690"}],"wp:attachment":[{"href":"https:\/\/eldiariodesanpedro.com.ar\/sitio\/wp-json\/wp\/v2\/media?parent=76689"}],"wp:term":[{"taxonomy":"category","embeddable":true,"href":"https:\/\/eldiariodesanpedro.com.ar\/sitio\/wp-json\/wp\/v2\/categories?post=76689"},{"taxonomy":"post_tag","embeddable":true,"href":"https:\/\/eldiariodesanpedro.com.ar\/sitio\/wp-json\/wp\/v2\/tags?post=76689"}],"curies":[{"name":"wp","href":"https:\/\/api.w.org\/{rel}","templated":true}]}}