{"id":76686,"date":"2020-06-26T17:01:47","date_gmt":"2020-06-26T20:01:47","guid":{"rendered":"https:\/\/eldiariodesanpedro.com.ar\/sitio\/?p=76686"},"modified":"2020-06-26T17:01:51","modified_gmt":"2020-06-26T20:01:51","slug":"ramallo-nuevo-caso-de-covid-19-en-embarazada","status":"publish","type":"post","link":"https:\/\/eldiariodesanpedro.com.ar\/sitio\/ramallo-nuevo-caso-de-covid-19-en-embarazada\/","title":{"rendered":"RAMALLO | Nuevo caso de COVID-19 en embarazada"},"content":{"rendered":"<!-- VideographyWP Plugin Message: Automatic video embedding prevented by plugin options. -->\n\n<p>Este jueves una mujer de 38 a\u00f1os de Villa Ramallo que estuvo internada en el Hospital San Felipe por un asma severo y hab\u00eda sido hisopada con un resultado negativo.<\/p>\n\n\n\n<p>Despu\u00e9s de ser tratada fue trasladada al Hospital Jos\u00e9 Mar\u00eda Gomendio para culminar con su recuperaci\u00f3n. La paciente deb\u00eda continuar con controles de rutina y era necesario trasladarla al Hospital San Juan de Dios de la Ciudad de La Plata y para ello, por protocolo, se vuelve a realizar un hisopado que arroja un resultado POSITIVO.<\/p>\n\n\n\n<p>En este momento se encuentra aislada en el Hospital Gomendio y se est\u00e1n realizando controles a todos las personas que tuvieron un posible contacto con la paciente.<\/p>\n\n\n\n<p>En la actualidad, hay 3 casos positivos en Ramallo (2 activos y 1 recuperado), ningun caso en estudio y 18 casos negativos.<\/p>\n\n\n\n<p>Fuente: <a href=\"http:\/\/www.diarioelinformante.com.ar\/nota-57939_ramallo-nuevo-caso-de-covid-19-en-embarazada#\">Diario El Informante<\/a><\/p>\n","protected":false},"excerpt":{"rendered":"<p>Este jueves una mujer de 38 a\u00f1os de Villa Ramallo que estuvo internada en el Hospital San Felipe por un asma severo y hab\u00eda sido hisopada con un resultado negativo. Despu\u00e9s de ser tratada fue trasladada al Hospital Jos\u00e9 Mar\u00eda Gomendio para culminar con su recuperaci\u00f3n. La paciente deb\u00eda continuar con controles de rutina y [&hellip;]<\/p>\n","protected":false},"author":4,"featured_media":76687,"comment_status":"open","ping_status":"closed","sticky":false,"template":"","format":"standard","meta":{"om_disable_all_campaigns":false,"_jetpack_memberships_contains_paid_content":false,"footnotes":""},"categories":[621],"tags":[1145,681],"class_list":["post-76686","post","type-post","status-publish","format-standard","has-post-thumbnail","hentry","category-regionales","tag-positivo","tag-regionales"],"aioseo_notices":[],"gutentor_comment":0,"jetpack_featured_media_url":"https:\/\/eldiariodesanpedro.com.ar\/sitio\/wp-content\/uploads\/2020\/06\/no_93m3mtzxue736qhno_5mao83sn8hiz27acovid.jpg","jetpack_shortlink":"https:\/\/wp.me\/p6RhLt-jWS","jetpack_sharing_enabled":true,"_links":{"self":[{"href":"https:\/\/eldiariodesanpedro.com.ar\/sitio\/wp-json\/wp\/v2\/posts\/76686","targetHints":{"allow":["GET"]}}],"collection":[{"href":"https:\/\/eldiariodesanpedro.com.ar\/sitio\/wp-json\/wp\/v2\/posts"}],"about":[{"href":"https:\/\/eldiariodesanpedro.com.ar\/sitio\/wp-json\/wp\/v2\/types\/post"}],"author":[{"embeddable":true,"href":"https:\/\/eldiariodesanpedro.com.ar\/sitio\/wp-json\/wp\/v2\/users\/4"}],"replies":[{"embeddable":true,"href":"https:\/\/eldiariodesanpedro.com.ar\/sitio\/wp-json\/wp\/v2\/comments?post=76686"}],"version-history":[{"count":1,"href":"https:\/\/eldiariodesanpedro.com.ar\/sitio\/wp-json\/wp\/v2\/posts\/76686\/revisions"}],"predecessor-version":[{"id":76688,"href":"https:\/\/eldiariodesanpedro.com.ar\/sitio\/wp-json\/wp\/v2\/posts\/76686\/revisions\/76688"}],"wp:featuredmedia":[{"embeddable":true,"href":"https:\/\/eldiariodesanpedro.com.ar\/sitio\/wp-json\/wp\/v2\/media\/76687"}],"wp:attachment":[{"href":"https:\/\/eldiariodesanpedro.com.ar\/sitio\/wp-json\/wp\/v2\/media?parent=76686"}],"wp:term":[{"taxonomy":"category","embeddable":true,"href":"https:\/\/eldiariodesanpedro.com.ar\/sitio\/wp-json\/wp\/v2\/categories?post=76686"},{"taxonomy":"post_tag","embeddable":true,"href":"https:\/\/eldiariodesanpedro.com.ar\/sitio\/wp-json\/wp\/v2\/tags?post=76686"}],"curies":[{"name":"wp","href":"https:\/\/api.w.org\/{rel}","templated":true}]}}