{"id":76683,"date":"2020-06-26T16:16:38","date_gmt":"2020-06-26T19:16:38","guid":{"rendered":"https:\/\/eldiariodesanpedro.com.ar\/sitio\/?p=76683"},"modified":"2020-06-26T16:16:42","modified_gmt":"2020-06-26T19:16:42","slug":"campana-empleada-de-burger-king-se-encuentra-aislada-en-el-hotel-siderca","status":"publish","type":"post","link":"https:\/\/eldiariodesanpedro.com.ar\/sitio\/campana-empleada-de-burger-king-se-encuentra-aislada-en-el-hotel-siderca\/","title":{"rendered":"CAMPANA | Empleada de Burger King se encuentra aislada en el Hotel Siderca"},"content":{"rendered":"<!-- VideographyWP Plugin Message: Automatic video embedding prevented by plugin options. -->\n\n<p>Dio positivo hace algunos d\u00edas. Tambi\u00e9n fueron aislados unos 30 empleados de la sucursal campanense, la cual contin\u00faa abierta siendo atendida por trabajadores de otra localidad.<\/p>\n\n\n\n<p>Luego del caso de Coronavirus ocurrido en la sucursal de Mc Donald\u00b4s, una empleada del Burger King Campana dio positivo d\u00edas pasados y oblig\u00f3 al aislamiento de todos sus compa\u00f1eros.<\/p>\n\n\n\n<p>Son unos 30 los trabajadores que debieron aislarse a la espera de la posibilidad de detectarse alg\u00fan tipo de s\u00edntoma, incluyendo a Gerentes. La joven, por voluntad propia fue alojada en el Hotel Siderca, debido a que convive con una persona de riesgo.&nbsp;<\/p>\n\n\n\n<p>Pese a tratarse de un local de comidas r\u00e1pidas de nutrida concurrencia, no hubo informaci\u00f3n oficial respecto al caso, ni siquiera en torno a las medidas sanitarias adoptadas para continuar con su funcionamiento habitual.<\/p>\n\n\n\n<p>No obstante, la sucursal de la rotonda de Colectora Sur contin\u00faa abierta siendo atendida por empleados de la sucursal de Escobar.<\/p>\n\n\n\n<p>Fuente: <a href=\"https:\/\/www.campananoticias.com\/noticia\/61706\/empleada-de-burger-king-se-encuentra-aislada-en-el-hotel-siderca\">Campana Noticias<\/a><\/p>\n","protected":false},"excerpt":{"rendered":"<p>Dio positivo hace algunos d\u00edas. Tambi\u00e9n fueron aislados unos 30 empleados de la sucursal campanense, la cual contin\u00faa abierta siendo atendida por trabajadores de otra localidad. Luego del caso de Coronavirus ocurrido en la sucursal de Mc Donald\u00b4s, una empleada del Burger King Campana dio positivo d\u00edas pasados y oblig\u00f3 al aislamiento de todos sus [&hellip;]<\/p>\n","protected":false},"author":4,"featured_media":75522,"comment_status":"open","ping_status":"closed","sticky":false,"template":"","format":"standard","meta":{"om_disable_all_campaigns":false,"_jetpack_memberships_contains_paid_content":false,"footnotes":""},"categories":[621],"tags":[197,686,808],"class_list":["post-76683","post","type-post","status-publish","format-standard","has-post-thumbnail","hentry","category-regionales","tag-buenos-aires","tag-campana-2","tag-coronavirus"],"aioseo_notices":[],"gutentor_comment":0,"jetpack_featured_media_url":"https:\/\/eldiariodesanpedro.com.ar\/sitio\/wp-content\/uploads\/2020\/06\/medicos-coronavirus.jpg","jetpack_shortlink":"https:\/\/wp.me\/p6RhLt-jWP","jetpack_sharing_enabled":true,"_links":{"self":[{"href":"https:\/\/eldiariodesanpedro.com.ar\/sitio\/wp-json\/wp\/v2\/posts\/76683","targetHints":{"allow":["GET"]}}],"collection":[{"href":"https:\/\/eldiariodesanpedro.com.ar\/sitio\/wp-json\/wp\/v2\/posts"}],"about":[{"href":"https:\/\/eldiariodesanpedro.com.ar\/sitio\/wp-json\/wp\/v2\/types\/post"}],"author":[{"embeddable":true,"href":"https:\/\/eldiariodesanpedro.com.ar\/sitio\/wp-json\/wp\/v2\/users\/4"}],"replies":[{"embeddable":true,"href":"https:\/\/eldiariodesanpedro.com.ar\/sitio\/wp-json\/wp\/v2\/comments?post=76683"}],"version-history":[{"count":1,"href":"https:\/\/eldiariodesanpedro.com.ar\/sitio\/wp-json\/wp\/v2\/posts\/76683\/revisions"}],"predecessor-version":[{"id":76684,"href":"https:\/\/eldiariodesanpedro.com.ar\/sitio\/wp-json\/wp\/v2\/posts\/76683\/revisions\/76684"}],"wp:featuredmedia":[{"embeddable":true,"href":"https:\/\/eldiariodesanpedro.com.ar\/sitio\/wp-json\/wp\/v2\/media\/75522"}],"wp:attachment":[{"href":"https:\/\/eldiariodesanpedro.com.ar\/sitio\/wp-json\/wp\/v2\/media?parent=76683"}],"wp:term":[{"taxonomy":"category","embeddable":true,"href":"https:\/\/eldiariodesanpedro.com.ar\/sitio\/wp-json\/wp\/v2\/categories?post=76683"},{"taxonomy":"post_tag","embeddable":true,"href":"https:\/\/eldiariodesanpedro.com.ar\/sitio\/wp-json\/wp\/v2\/tags?post=76683"}],"curies":[{"name":"wp","href":"https:\/\/api.w.org\/{rel}","templated":true}]}}