{"id":76551,"date":"2020-06-24T21:08:55","date_gmt":"2020-06-25T00:08:55","guid":{"rendered":"https:\/\/eldiariodesanpedro.com.ar\/sitio\/?p=76551"},"modified":"2020-06-24T21:08:56","modified_gmt":"2020-06-25T00:08:56","slug":"se-enviaron-19-nuevas-muestras-el-dia-de-hoy","status":"publish","type":"post","link":"https:\/\/eldiariodesanpedro.com.ar\/sitio\/se-enviaron-19-nuevas-muestras-el-dia-de-hoy\/","title":{"rendered":"Se enviaron 19 nuevas muestras el d\u00eda de hoy"},"content":{"rendered":"<!-- VideographyWP Plugin Message: Automatic video embedding prevented by plugin options. -->\n\n<p>De las 20 muestras pendientes, 12 arrojaron resultado negativo y 8 resultado positivo. Los mismos corresponden a dos mujeres de 17 a\u00f1os, una de 12, 46 y 50 a\u00f1os, y a tres hombres de 17, 44 y 50 a\u00f1os.<\/p>\n\n\n\n<p>En el d\u00eda de hoy se enviaron 19 muestras:<\/p>\n\n\n\n<ul class=\"wp-block-list\"><li>9 (nueve) correspondientes a mujeres de 17, 21, 33, 35, 43, dos de 48, 56 y 91 a\u00f1os.<\/li><li>10 (diez) correspondientes a hombres de 15, 27 29, 33, 39, 47, 49, 53, 70 y 77 a\u00f1os.<\/li><\/ul>\n\n\n\n<p>En el resumen oficial se incluyen adem\u00e1s tres casos que son asignados por Regi\u00f3n Sanitaria a San Pedro y que pertenecen al oficial de Prefectura que trabaja en Ibicuy (Entre R\u00edos) y cuenta con domicilio en San Pedro, a una mujer personal de salud que trabaja en Ciudad de Buenos Aires y vive en San Pedro, y a un hombre tambi\u00e9n personal de salud que trabaja en Gonz\u00e1lez Cat\u00e1n y reside en nuestra ciudad.<\/p>\n\n\n\n<p>RESUMEN:<br>Nuevas muestras enviadas: 19<br>Muestras Pendientes: 19<br>Nuevas muestras negativas: 12<br>Nuevos Casos Positivos: 8<br>Total de confirmados: 38<br>(3 recuperados)<br>*(3 Casos con domicilio asignados por Regi\u00f3n Sanitaria detectados en Ibcuy, CABA y Gonz\u00e1lez Cat\u00e1n).<\/p>\n\n\n\n<p>Total de muestras negativas: 242<br>Total de aislados: 140<\/p>\n\n\n\n<p>Se recuerda que, ante s\u00edntomas de tos seca, fiebre y dolor de garganta y la probabilidad de haber estado en contacto con enfermos o viajeros llegados desde las zonas transmisi\u00f3n local o comunitaria se puede llamar al 148 o 107.<\/p>\n\n\n\n<figure class=\"wp-block-image size-large\"><img decoding=\"async\" width=\"1024\" height=\"992\" data-attachment-id=\"76553\" data-permalink=\"https:\/\/eldiariodesanpedro.com.ar\/sitio\/se-enviaron-19-nuevas-muestras-el-dia-de-hoy\/whatsapp-image-2020-06-24-at-21-00-59\/\" data-orig-file=\"https:\/\/eldiariodesanpedro.com.ar\/sitio\/wp-content\/uploads\/2020\/06\/WhatsApp-Image-2020-06-24-at-21.00.59.jpeg\" data-orig-size=\"1280,1240\" data-comments-opened=\"1\" data-image-meta=\"{&quot;aperture&quot;:&quot;0&quot;,&quot;credit&quot;:&quot;&quot;,&quot;camera&quot;:&quot;&quot;,&quot;caption&quot;:&quot;&quot;,&quot;created_timestamp&quot;:&quot;0&quot;,&quot;copyright&quot;:&quot;&quot;,&quot;focal_length&quot;:&quot;0&quot;,&quot;iso&quot;:&quot;0&quot;,&quot;shutter_speed&quot;:&quot;0&quot;,&quot;title&quot;:&quot;&quot;,&quot;orientation&quot;:&quot;0&quot;}\" data-image-title=\"WhatsApp Image 2020-06-24 at 21.00.59\" data-image-description=\"\" data-image-caption=\"\" data-large-file=\"https:\/\/eldiariodesanpedro.com.ar\/sitio\/wp-content\/uploads\/2020\/06\/WhatsApp-Image-2020-06-24-at-21.00.59-1024x992.jpeg\" data-src=\"https:\/\/eldiariodesanpedro.com.ar\/sitio\/wp-content\/uploads\/2020\/06\/WhatsApp-Image-2020-06-24-at-21.00.59-1024x992.jpeg\" alt=\"\" class=\"wp-image-76553 lazyload\" data-srcset=\"https:\/\/eldiariodesanpedro.com.ar\/sitio\/wp-content\/uploads\/2020\/06\/WhatsApp-Image-2020-06-24-at-21.00.59-1024x992.jpeg 1024w, https:\/\/eldiariodesanpedro.com.ar\/sitio\/wp-content\/uploads\/2020\/06\/WhatsApp-Image-2020-06-24-at-21.00.59-300x291.jpeg 300w, https:\/\/eldiariodesanpedro.com.ar\/sitio\/wp-content\/uploads\/2020\/06\/WhatsApp-Image-2020-06-24-at-21.00.59-768x744.jpeg 768w, https:\/\/eldiariodesanpedro.com.ar\/sitio\/wp-content\/uploads\/2020\/06\/WhatsApp-Image-2020-06-24-at-21.00.59.jpeg 1280w\" data-sizes=\"(max-width: 1024px) 100vw, 1024px\" src=\"data:image\/svg+xml;base64,PHN2ZyB3aWR0aD0iMSIgaGVpZ2h0PSIxIiB4bWxucz0iaHR0cDovL3d3dy53My5vcmcvMjAwMC9zdmciPjwvc3ZnPg==\" style=\"--smush-placeholder-width: 1024px; --smush-placeholder-aspect-ratio: 1024\/992;\" \/><\/figure>\n","protected":false},"excerpt":{"rendered":"<p>De las 20 muestras pendientes, 12 arrojaron resultado negativo y 8 resultado positivo. Los mismos corresponden a dos mujeres de 17 a\u00f1os, una de 12, 46 y 50 a\u00f1os, y a tres hombres de 17, 44 y 50 a\u00f1os. En el d\u00eda de hoy se enviaron 19 muestras: 9 (nueve) correspondientes a mujeres de 17, [&hellip;]<\/p>\n","protected":false},"author":4,"featured_media":76552,"comment_status":"open","ping_status":"closed","sticky":false,"template":"","format":"standard","meta":{"om_disable_all_campaigns":false,"_jetpack_memberships_contains_paid_content":false,"footnotes":""},"categories":[101,2],"tags":[833,33],"class_list":["post-76551","post","type-post","status-publish","format-standard","has-post-thumbnail","hentry","category-interes-general-locales","category-locales","tag-covid","tag-locales"],"aioseo_notices":[],"gutentor_comment":0,"jetpack_featured_media_url":"https:\/\/eldiariodesanpedro.com.ar\/sitio\/wp-content\/uploads\/2020\/06\/1584521037_402843_1584523883_noticia_normal.jpg","jetpack_shortlink":"https:\/\/wp.me\/p6RhLt-jUH","jetpack_sharing_enabled":true,"_links":{"self":[{"href":"https:\/\/eldiariodesanpedro.com.ar\/sitio\/wp-json\/wp\/v2\/posts\/76551","targetHints":{"allow":["GET"]}}],"collection":[{"href":"https:\/\/eldiariodesanpedro.com.ar\/sitio\/wp-json\/wp\/v2\/posts"}],"about":[{"href":"https:\/\/eldiariodesanpedro.com.ar\/sitio\/wp-json\/wp\/v2\/types\/post"}],"author":[{"embeddable":true,"href":"https:\/\/eldiariodesanpedro.com.ar\/sitio\/wp-json\/wp\/v2\/users\/4"}],"replies":[{"embeddable":true,"href":"https:\/\/eldiariodesanpedro.com.ar\/sitio\/wp-json\/wp\/v2\/comments?post=76551"}],"version-history":[{"count":1,"href":"https:\/\/eldiariodesanpedro.com.ar\/sitio\/wp-json\/wp\/v2\/posts\/76551\/revisions"}],"predecessor-version":[{"id":76554,"href":"https:\/\/eldiariodesanpedro.com.ar\/sitio\/wp-json\/wp\/v2\/posts\/76551\/revisions\/76554"}],"wp:featuredmedia":[{"embeddable":true,"href":"https:\/\/eldiariodesanpedro.com.ar\/sitio\/wp-json\/wp\/v2\/media\/76552"}],"wp:attachment":[{"href":"https:\/\/eldiariodesanpedro.com.ar\/sitio\/wp-json\/wp\/v2\/media?parent=76551"}],"wp:term":[{"taxonomy":"category","embeddable":true,"href":"https:\/\/eldiariodesanpedro.com.ar\/sitio\/wp-json\/wp\/v2\/categories?post=76551"},{"taxonomy":"post_tag","embeddable":true,"href":"https:\/\/eldiariodesanpedro.com.ar\/sitio\/wp-json\/wp\/v2\/tags?post=76551"}],"curies":[{"name":"wp","href":"https:\/\/api.w.org\/{rel}","templated":true}]}}