{"id":76494,"date":"2020-06-24T13:45:43","date_gmt":"2020-06-24T16:45:43","guid":{"rendered":"https:\/\/eldiariodesanpedro.com.ar\/sitio\/?p=76494"},"modified":"2020-06-24T13:45:46","modified_gmt":"2020-06-24T16:45:46","slug":"tablet-gratis-a-quienes-les-toca-y-como-se-piden","status":"publish","type":"post","link":"https:\/\/eldiariodesanpedro.com.ar\/sitio\/tablet-gratis-a-quienes-les-toca-y-como-se-piden\/","title":{"rendered":"Tablet gratis: A qui\u00e9nes les toca y c\u00f3mo se piden"},"content":{"rendered":"<!-- VideographyWP Plugin Message: Automatic video embedding prevented by plugin options. -->\n\n<p>El&nbsp;<strong>Estado nacional&nbsp;entregar\u00e1 tablets gratis a grupos de jubilados y pensionados, beneficiarios de la Asignaci\u00f3n Universal por Hijo y Asignaci\u00f3n Universal por Embarazo y monotributistas<\/strong>&nbsp;de las categor\u00edas E y D, principalmente. Se har\u00e1 a trav\u00e9s de una ampliaci\u00f3n programa +Simple, con el objetivo de facilitar la gestiones de beneficios que otorga Anses mediante la \u201cinclusi\u00f3n digital\u201d.<\/p>\n\n\n\n<p><strong>Seg\u00fan la resoluci\u00f3n del organismo,&nbsp;esta ampliaci\u00f3n tiene como finalidad<\/strong>&nbsp;\u201cposibilitar el acceso a equipamiento que contribuya a la inserci\u00f3n, integraci\u00f3n y&nbsp;<strong>desarrollo social mediante el uso de las tecnolog\u00edas de la informaci\u00f3n<\/strong>&nbsp;y las comunicaciones de los sectores m\u00e1s vulnerables de la poblaci\u00f3n&nbsp;a trav\u00e9s de la entrega de&nbsp;tablets&nbsp;a municipios, asociaciones civiles, redes comunitarias y dem\u00e1s entidades intermedias con presencia territorial en barrios populares\u201d.<\/p>\n\n\n\n<p>Para la entidad, con el contexto actual de la pandemia y el aislamiento social este tipo de tecnolog\u00edas \u201cconstituyen medios instrumentales&nbsp;<strong>para el ejercicio de derechos fundamentales<\/strong>&nbsp;(tales como a la salud, a la alimentaci\u00f3n y a la educaci\u00f3n entre otros), especialmente para las&nbsp;<strong>poblaciones m\u00e1s vulnerables ante posibles contagios<\/strong>&nbsp;como son los adultos mayores\u201d.<\/p>\n\n\n\n<p>\u201cEn orden a optimizar el cumplimiento del programa que involucra a uno de los sectores m\u00e1s&nbsp;vulnerables&nbsp;de la sociedad ante la pandemia del&nbsp;covid-19, es necesario redistribuir el remanente de dispositivo que no fueron entregados por falta de presentaci\u00f3n de los beneficiarios, y,<strong>&nbsp;en consecuencia, ampliar los destinatarios del programa y hacerlo extensivo a nuevos municipios y\/o otras organizaciones sociales, barriales y comunitarias<\/strong>&nbsp;con presencia en barrios populares\u201d, indica la Resoluci\u00f3n 705\/2020 del Enacom.<\/p>\n\n\n\n<h3 class=\"wp-block-heading\">\u00bfQui\u00e9nes la pueden pedir?<\/h3>\n\n\n\n<p>En principio, los grupos beneficiados son:<br>\u2013 Asignaci\u00f3n Universal por Hijo (AUH) y por Embarazo<br>\u2013 Pensiones no contributivas con ingresos mensuales brutos no superiores a dos veces el\u00a0salario\u00a0m\u00ednimo vital y m\u00f3vil<br>\u2013 Usuarios del R\u00e9gimen de\u00a0Monotributo\u00a0Social<br>\u2013\u00a0Jubilados, pensionados y trabajadores en relaci\u00f3n de dependencia con una remuneraci\u00f3n bruta menor o igual a dos salarios m\u00ednimos vitales y m\u00f3viles<br>\u2013 Monotributistas cuyo\u00a0ingreso\u00a0anual mensual no supere en dos veces el salario m\u00ednimo vital y m\u00f3vil<br>\u2013 Desempleados y\u00a0electrodependientes, entre otros.<\/p>\n\n\n\n<h3 class=\"wp-block-heading\">C\u00f3mo solicitar la tablet<\/h3>\n\n\n\n<p>Se realiza a trav\u00e9s de la web&nbsp;<a href=\"https:\/\/www.massimple.gob.ar\/adultos_mayores.html\" target=\"_blank\" rel=\"noreferrer noopener\">https:\/\/www.massimple.gob.ar\/adultos_mayores.html<\/a><\/p>\n\n\n\n<p>Se deber\u00e1 completar un formulario de alta.<br>Inscribite llamando al 130 opci\u00f3n 7. Si ten\u00e9s dificultades para acceder o usar la web, pod\u00e9s escribir a\u00a0contacto@massimple.gob.ar<br>Se comunicaran con vos para informarte si saliste seleccionado en el sorteo y c\u00f3mo acceder a la capacitaci\u00f3n.<\/p>\n\n\n\n<p>Fuente: <a href=\"http:\/\/impactolocal.com.ar\/2020\/06\/23\/tablet-gratis-a-quienes-les-toca-y-como-se-piden\/\">Impacto Local<\/a><\/p>\n","protected":false},"excerpt":{"rendered":"<p>El&nbsp;Estado nacional&nbsp;entregar\u00e1 tablets gratis a grupos de jubilados y pensionados, beneficiarios de la Asignaci\u00f3n Universal por Hijo y Asignaci\u00f3n Universal por Embarazo y monotributistas&nbsp;de las categor\u00edas E y D, principalmente. Se har\u00e1 a trav\u00e9s de una ampliaci\u00f3n programa +Simple, con el objetivo de facilitar la gestiones de beneficios que otorga Anses mediante la \u201cinclusi\u00f3n digital\u201d. [&hellip;]<\/p>\n","protected":false},"author":4,"featured_media":76495,"comment_status":"open","ping_status":"closed","sticky":false,"template":"","format":"standard","meta":{"om_disable_all_campaigns":false,"_jetpack_memberships_contains_paid_content":false,"footnotes":""},"categories":[621],"tags":[696,1611,681],"class_list":["post-76494","post","type-post","status-publish","format-standard","has-post-thumbnail","hentry","category-regionales","tag-interes-general","tag-provicniales","tag-regionales"],"aioseo_notices":[],"gutentor_comment":0,"jetpack_featured_media_url":"https:\/\/eldiariodesanpedro.com.ar\/sitio\/wp-content\/uploads\/2020\/06\/f800x450-8873_60319_0.jpeg","jetpack_shortlink":"https:\/\/wp.me\/p6RhLt-jTM","jetpack_sharing_enabled":true,"_links":{"self":[{"href":"https:\/\/eldiariodesanpedro.com.ar\/sitio\/wp-json\/wp\/v2\/posts\/76494","targetHints":{"allow":["GET"]}}],"collection":[{"href":"https:\/\/eldiariodesanpedro.com.ar\/sitio\/wp-json\/wp\/v2\/posts"}],"about":[{"href":"https:\/\/eldiariodesanpedro.com.ar\/sitio\/wp-json\/wp\/v2\/types\/post"}],"author":[{"embeddable":true,"href":"https:\/\/eldiariodesanpedro.com.ar\/sitio\/wp-json\/wp\/v2\/users\/4"}],"replies":[{"embeddable":true,"href":"https:\/\/eldiariodesanpedro.com.ar\/sitio\/wp-json\/wp\/v2\/comments?post=76494"}],"version-history":[{"count":1,"href":"https:\/\/eldiariodesanpedro.com.ar\/sitio\/wp-json\/wp\/v2\/posts\/76494\/revisions"}],"predecessor-version":[{"id":76496,"href":"https:\/\/eldiariodesanpedro.com.ar\/sitio\/wp-json\/wp\/v2\/posts\/76494\/revisions\/76496"}],"wp:featuredmedia":[{"embeddable":true,"href":"https:\/\/eldiariodesanpedro.com.ar\/sitio\/wp-json\/wp\/v2\/media\/76495"}],"wp:attachment":[{"href":"https:\/\/eldiariodesanpedro.com.ar\/sitio\/wp-json\/wp\/v2\/media?parent=76494"}],"wp:term":[{"taxonomy":"category","embeddable":true,"href":"https:\/\/eldiariodesanpedro.com.ar\/sitio\/wp-json\/wp\/v2\/categories?post=76494"},{"taxonomy":"post_tag","embeddable":true,"href":"https:\/\/eldiariodesanpedro.com.ar\/sitio\/wp-json\/wp\/v2\/tags?post=76494"}],"curies":[{"name":"wp","href":"https:\/\/api.w.org\/{rel}","templated":true}]}}