{"id":76487,"date":"2020-06-24T11:59:27","date_gmt":"2020-06-24T14:59:27","guid":{"rendered":"https:\/\/eldiariodesanpedro.com.ar\/sitio\/?p=76487"},"modified":"2020-06-24T11:59:30","modified_gmt":"2020-06-24T14:59:30","slug":"anses-como-pedir-los-prestamos-en-julio-y-cuales-son-los-montos","status":"publish","type":"post","link":"https:\/\/eldiariodesanpedro.com.ar\/sitio\/anses-como-pedir-los-prestamos-en-julio-y-cuales-son-los-montos\/","title":{"rendered":"ANSES: c\u00f3mo pedir los pr\u00e9stamos en julio y cu\u00e1les son los montos"},"content":{"rendered":"<!-- VideographyWP Plugin Message: Automatic video embedding prevented by plugin options. -->\n\n<p>La Administraci\u00f3n Nacional de la Seguridad Social inform\u00f3 que qui\u00e9nes podr\u00e1n acceder a los cr\u00e9ditos son los beneficiarios de la Asignaci\u00f3n Universal por Hijo, Asignaci\u00f3n Familiar y jubilados.<\/p>\n\n\n\n<p>La Administraci\u00f3n Nacional de la Seguridad Social (Anses) brinda cr\u00e9ditos a los jubilados, beneficiarios de la Asignaci\u00f3n Universal por Hijo o Asignaci\u00f3n Familiar. Por la cuarentena, la modalidad hab\u00eda variado. En tanto, a partir de julio, los jubilados podr\u00edan solicitar y beneficiaros de la AUH podr\u00edan acceder a m\u00e1s de un cr\u00e9dito, siempre y cuando el monto no supere el 20% de su haber mensual.<\/p>\n\n\n\n<p>Adem\u00e1s, quienes pidieron pr\u00e9stamos antes de marzo volver\u00e1n a pagar las cuotas mensuales. Los jubilados podr\u00e1n ir a las oficinas de Anses para poder ser atendidos presencialmente. Uno de los objetivos es evitar que los adultos mayores sean enga\u00f1ados o estafados.<br>Tambi\u00e9n se pueden pedir 2 pr\u00e9stamos a la vez, pero las cuotas no deben superar el 20% de la prestaci\u00f3n que se cobra por mes.<\/p>\n\n\n\n<p>Requisitos:<\/p>\n\n\n\n<p>Asignaci\u00f3n Universal por Hijo.<br>-Ser mayor de 18 a\u00f1os<br>-Tener menos de 75 a\u00f1os al momento de finalizar el cr\u00e9dito<br>-Haber presentado la Libreta Familiar en los dos a\u00f1os anteriores<br>-El hijo por el que se solicita el cr\u00e9dito debe tener menos de 18 a\u00f1os al momento de finalizar el mismo.<br>-Los hijos con discapacidad por los que se solicita el cr\u00e9dito deben tener vigente el Certificado \u00danico por Discapacidad (CUD).<br>Los cr\u00e9ditos son desde $1.000 hasta $12.000 en 24 o 36 cuotas por cada Asignaci\u00f3n que cobre. A su vez, la cuota no debe exceder el 20% del valor mensual y se cobrar\u00e1 dentro de los 5 d\u00edas h\u00e1biles.<\/p>\n\n\n\n<p>Jubilados y pensionados.<br>-Residir en el pa\u00eds<br>-Tener menos de 90 a\u00f1os al momento de finalizar el cr\u00e9dito<br>-Documentaci\u00f3n necesaria: DNI, CBU de cuenta bancaria propia que se obtiene en el banco o por cajero autom\u00e1tico.<\/p>\n\n\n\n<p>El monto va desde $5.000 hasta $200.000 en 24, 36, 48 o 60 cuotas. La cuota no puede exceder el 20% del ingreso mensual y el cr\u00e9dito se deposita en la cuenta bancaria dentro de los 5 d\u00edas h\u00e1biles.<br>Este tr\u00e1mite es presencial con turno y solo puede hacerlo el jubilado o pensionado, es decir, no puede hacerlo su apoderado. Las personas no videntes, analfabetas o imposibilitadas de firmar deben asistir junto a una persona de su confianza mayor de 18 a\u00f1os en car\u00e1cter de testigo.<\/p>\n\n\n\n<p>Luego, sacar el turno con la opci\u00f3n Cr\u00e9ditos Jubilados y Pensionados o llamando al 130.<\/p>\n","protected":false},"excerpt":{"rendered":"<p>La Administraci\u00f3n Nacional de la Seguridad Social inform\u00f3 que qui\u00e9nes podr\u00e1n acceder a los cr\u00e9ditos son los beneficiarios de la Asignaci\u00f3n Universal por Hijo, Asignaci\u00f3n Familiar y jubilados. La Administraci\u00f3n Nacional de la Seguridad Social (Anses) brinda cr\u00e9ditos a los jubilados, beneficiarios de la Asignaci\u00f3n Universal por Hijo o Asignaci\u00f3n Familiar. Por la cuarentena, la [&hellip;]<\/p>\n","protected":false},"author":4,"featured_media":74791,"comment_status":"open","ping_status":"closed","sticky":false,"template":"","format":"standard","meta":{"om_disable_all_campaigns":false,"_jetpack_memberships_contains_paid_content":false,"footnotes":""},"categories":[2,103],"tags":[197],"class_list":["post-76487","post","type-post","status-publish","format-standard","has-post-thumbnail","hentry","category-locales","category-policiales-locales","tag-buenos-aires"],"aioseo_notices":[],"gutentor_comment":1,"jetpack_featured_media_url":"https:\/\/eldiariodesanpedro.com.ar\/sitio\/wp-content\/uploads\/2020\/06\/unnamed.png","jetpack_shortlink":"https:\/\/wp.me\/p6RhLt-jTF","jetpack_sharing_enabled":true,"_links":{"self":[{"href":"https:\/\/eldiariodesanpedro.com.ar\/sitio\/wp-json\/wp\/v2\/posts\/76487","targetHints":{"allow":["GET"]}}],"collection":[{"href":"https:\/\/eldiariodesanpedro.com.ar\/sitio\/wp-json\/wp\/v2\/posts"}],"about":[{"href":"https:\/\/eldiariodesanpedro.com.ar\/sitio\/wp-json\/wp\/v2\/types\/post"}],"author":[{"embeddable":true,"href":"https:\/\/eldiariodesanpedro.com.ar\/sitio\/wp-json\/wp\/v2\/users\/4"}],"replies":[{"embeddable":true,"href":"https:\/\/eldiariodesanpedro.com.ar\/sitio\/wp-json\/wp\/v2\/comments?post=76487"}],"version-history":[{"count":1,"href":"https:\/\/eldiariodesanpedro.com.ar\/sitio\/wp-json\/wp\/v2\/posts\/76487\/revisions"}],"predecessor-version":[{"id":76488,"href":"https:\/\/eldiariodesanpedro.com.ar\/sitio\/wp-json\/wp\/v2\/posts\/76487\/revisions\/76488"}],"wp:featuredmedia":[{"embeddable":true,"href":"https:\/\/eldiariodesanpedro.com.ar\/sitio\/wp-json\/wp\/v2\/media\/74791"}],"wp:attachment":[{"href":"https:\/\/eldiariodesanpedro.com.ar\/sitio\/wp-json\/wp\/v2\/media?parent=76487"}],"wp:term":[{"taxonomy":"category","embeddable":true,"href":"https:\/\/eldiariodesanpedro.com.ar\/sitio\/wp-json\/wp\/v2\/categories?post=76487"},{"taxonomy":"post_tag","embeddable":true,"href":"https:\/\/eldiariodesanpedro.com.ar\/sitio\/wp-json\/wp\/v2\/tags?post=76487"}],"curies":[{"name":"wp","href":"https:\/\/api.w.org\/{rel}","templated":true}]}}