{"id":76484,"date":"2020-06-24T11:42:53","date_gmt":"2020-06-24T14:42:53","guid":{"rendered":"https:\/\/eldiariodesanpedro.com.ar\/sitio\/?p=76484"},"modified":"2020-06-24T11:42:56","modified_gmt":"2020-06-24T14:42:56","slug":"incendio-de-vivienda-intencional-por-ajustes-de-cuentas-2","status":"publish","type":"post","link":"https:\/\/eldiariodesanpedro.com.ar\/sitio\/incendio-de-vivienda-intencional-por-ajustes-de-cuentas-2\/","title":{"rendered":"Incendio de vivienda intencional por ajustes de cuentas"},"content":{"rendered":"<!-- VideographyWP Plugin Message: Automatic video embedding prevented by plugin options. -->\n\n<p>En la madrugada de este mi\u00e9rcoles una dotaci\u00f3n de Bomberos Voluntarios se hace presente en una vivienda ubicada en el Barrio Malvinas pasa sofocar el incendio intencional de una vivienda.<\/p>\n\n\n\n<p>El hecho ocurri\u00f3 pasadas las 1:30 hs en una vivienda ubicada en calle General Pueyrredon al 1300 donde tras constatar el incendio los polic\u00edas de nuestra ciudad dieron aviso a Bomberos Voluntarios para que se hicieran presentes en el lugar.<\/p>\n\n\n\n<p>La dotaci\u00f3n a cargo de Luis Torrenz quienes al llegar al lugar constata que se tratar\u00eda de un principio de incendio en un cielorazo y que la vivienda se encontraba completamente deshabitada.<\/p>\n\n\n\n<p>Seg\u00fan se pudo establecer por parte de la polic\u00eda el incendio habr\u00eda sido intencional por parte de autores desconocidos que ya d\u00edas atr\u00e1s tambi\u00e9n hab\u00edan entrado a robar chapas y otros elementos en la vivienda.<\/p>\n\n\n\n<p>El domicilio pertenece a un delincuente que se encuentra alojado en la Unidad Penal n\u00ba 3 de San Nicol\u00e1s por una causa de venta de estupefacientes, y se cree que estos ataques se tratar\u00edan de ajustes de cuentas.<\/p>\n","protected":false},"excerpt":{"rendered":"<p>En la madrugada de este mi\u00e9rcoles una dotaci\u00f3n de Bomberos Voluntarios se hace presente en una vivienda ubicada en el Barrio Malvinas pasa sofocar el incendio intencional de una vivienda. El hecho ocurri\u00f3 pasadas las 1:30 hs en una vivienda ubicada en calle General Pueyrredon al 1300 donde tras constatar el incendio los polic\u00edas de [&hellip;]<\/p>\n","protected":false},"author":4,"featured_media":76485,"comment_status":"open","ping_status":"closed","sticky":false,"template":"","format":"standard","meta":{"om_disable_all_campaigns":false,"_jetpack_memberships_contains_paid_content":false,"footnotes":""},"categories":[50,2,103],"tags":[981,562,1610,33,95],"class_list":["post-76484","post","type-post","status-publish","format-standard","has-post-thumbnail","hentry","category-destacadas","category-locales","category-policiales-locales","tag-bomberos-voluntarios","tag-incendio","tag-intencional","tag-locales","tag-policiales"],"aioseo_notices":[],"gutentor_comment":0,"jetpack_featured_media_url":"https:\/\/eldiariodesanpedro.com.ar\/sitio\/wp-content\/uploads\/2020\/06\/20200613_190253-scaled-1-e1593009753732.jpg","jetpack_shortlink":"https:\/\/wp.me\/p6RhLt-jTC","jetpack_sharing_enabled":true,"_links":{"self":[{"href":"https:\/\/eldiariodesanpedro.com.ar\/sitio\/wp-json\/wp\/v2\/posts\/76484","targetHints":{"allow":["GET"]}}],"collection":[{"href":"https:\/\/eldiariodesanpedro.com.ar\/sitio\/wp-json\/wp\/v2\/posts"}],"about":[{"href":"https:\/\/eldiariodesanpedro.com.ar\/sitio\/wp-json\/wp\/v2\/types\/post"}],"author":[{"embeddable":true,"href":"https:\/\/eldiariodesanpedro.com.ar\/sitio\/wp-json\/wp\/v2\/users\/4"}],"replies":[{"embeddable":true,"href":"https:\/\/eldiariodesanpedro.com.ar\/sitio\/wp-json\/wp\/v2\/comments?post=76484"}],"version-history":[{"count":1,"href":"https:\/\/eldiariodesanpedro.com.ar\/sitio\/wp-json\/wp\/v2\/posts\/76484\/revisions"}],"predecessor-version":[{"id":76486,"href":"https:\/\/eldiariodesanpedro.com.ar\/sitio\/wp-json\/wp\/v2\/posts\/76484\/revisions\/76486"}],"wp:featuredmedia":[{"embeddable":true,"href":"https:\/\/eldiariodesanpedro.com.ar\/sitio\/wp-json\/wp\/v2\/media\/76485"}],"wp:attachment":[{"href":"https:\/\/eldiariodesanpedro.com.ar\/sitio\/wp-json\/wp\/v2\/media?parent=76484"}],"wp:term":[{"taxonomy":"category","embeddable":true,"href":"https:\/\/eldiariodesanpedro.com.ar\/sitio\/wp-json\/wp\/v2\/categories?post=76484"},{"taxonomy":"post_tag","embeddable":true,"href":"https:\/\/eldiariodesanpedro.com.ar\/sitio\/wp-json\/wp\/v2\/tags?post=76484"}],"curies":[{"name":"wp","href":"https:\/\/api.w.org\/{rel}","templated":true}]}}