{"id":76463,"date":"2020-06-24T11:11:38","date_gmt":"2020-06-24T14:11:38","guid":{"rendered":"https:\/\/eldiariodesanpedro.com.ar\/sitio\/?p=76463"},"modified":"2020-06-24T11:11:43","modified_gmt":"2020-06-24T14:11:43","slug":"continuan-los-controles-de-transito-2","status":"publish","type":"post","link":"https:\/\/eldiariodesanpedro.com.ar\/sitio\/continuan-los-controles-de-transito-2\/","title":{"rendered":"Contin\u00faan los controles de transito"},"content":{"rendered":"<!-- VideographyWP Plugin Message: Automatic video embedding prevented by plugin options. -->\n\n<p>La Direcci\u00f3n de Tr\u00e1nsito y Nocturnidad de la Municipalidad de San Pedro contin\u00faa con los operativos de control en diferentes puntos de la ciudad, adem\u00e1s de los que acompa\u00f1an el control de ingreso y egreso por la cuarentena.<\/p>\n\n\n\n<p>En las ultimas 48 hs, se retuvieron 13 motos por falta de documentaci\u00f3n obligatoria e incumplimiento de las normas de circulaci\u00f3n establecidas.<br>Estos operativos continuar\u00e1n en diferentes horarios y sectores de la ciudad, con el trabajo coordinado por la Direcci\u00f3n de Tr\u00e1nsito y Personal Policial, con el objetivo de evitar accidentes y generar una mayor concientizaci\u00f3n.<\/p>\n\n\n\n<figure class=\"wp-block-image size-large\"><img decoding=\"async\" width=\"962\" height=\"662\" data-attachment-id=\"76466\" data-permalink=\"https:\/\/eldiariodesanpedro.com.ar\/sitio\/continuan-los-controles-de-transito-2\/1-5-4\/\" data-orig-file=\"https:\/\/eldiariodesanpedro.com.ar\/sitio\/wp-content\/uploads\/2020\/06\/1-5.jpeg\" data-orig-size=\"962,662\" data-comments-opened=\"1\" data-image-meta=\"{&quot;aperture&quot;:&quot;0&quot;,&quot;credit&quot;:&quot;&quot;,&quot;camera&quot;:&quot;&quot;,&quot;caption&quot;:&quot;&quot;,&quot;created_timestamp&quot;:&quot;0&quot;,&quot;copyright&quot;:&quot;&quot;,&quot;focal_length&quot;:&quot;0&quot;,&quot;iso&quot;:&quot;0&quot;,&quot;shutter_speed&quot;:&quot;0&quot;,&quot;title&quot;:&quot;&quot;,&quot;orientation&quot;:&quot;1&quot;}\" data-image-title=\"1 (5)\" data-image-description=\"\" data-image-caption=\"\" data-large-file=\"https:\/\/eldiariodesanpedro.com.ar\/sitio\/wp-content\/uploads\/2020\/06\/1-5.jpeg\" data-src=\"https:\/\/eldiariodesanpedro.com.ar\/sitio\/wp-content\/uploads\/2020\/06\/1-5.jpeg\" alt=\"\" class=\"wp-image-76466 lazyload\" data-srcset=\"https:\/\/eldiariodesanpedro.com.ar\/sitio\/wp-content\/uploads\/2020\/06\/1-5.jpeg 962w, https:\/\/eldiariodesanpedro.com.ar\/sitio\/wp-content\/uploads\/2020\/06\/1-5-300x206.jpeg 300w, https:\/\/eldiariodesanpedro.com.ar\/sitio\/wp-content\/uploads\/2020\/06\/1-5-768x528.jpeg 768w\" data-sizes=\"(max-width: 962px) 100vw, 962px\" src=\"data:image\/svg+xml;base64,PHN2ZyB3aWR0aD0iMSIgaGVpZ2h0PSIxIiB4bWxucz0iaHR0cDovL3d3dy53My5vcmcvMjAwMC9zdmciPjwvc3ZnPg==\" style=\"--smush-placeholder-width: 962px; --smush-placeholder-aspect-ratio: 962\/662;\" \/><\/figure>\n","protected":false},"excerpt":{"rendered":"<p>La Direcci\u00f3n de Tr\u00e1nsito y Nocturnidad de la Municipalidad de San Pedro contin\u00faa con los operativos de control en diferentes puntos de la ciudad, adem\u00e1s de los que acompa\u00f1an el control de ingreso y egreso por la cuarentena. En las ultimas 48 hs, se retuvieron 13 motos por falta de documentaci\u00f3n obligatoria e incumplimiento de [&hellip;]<\/p>\n","protected":false},"author":4,"featured_media":76464,"comment_status":"open","ping_status":"closed","sticky":false,"template":"","format":"standard","meta":{"om_disable_all_campaigns":false,"_jetpack_memberships_contains_paid_content":false,"footnotes":""},"categories":[101,2],"tags":[33,619],"class_list":["post-76463","post","type-post","status-publish","format-standard","has-post-thumbnail","hentry","category-interes-general-locales","category-locales","tag-locales","tag-transito"],"aioseo_notices":[],"gutentor_comment":0,"jetpack_featured_media_url":"https:\/\/eldiariodesanpedro.com.ar\/sitio\/wp-content\/uploads\/2020\/06\/3-2.jpeg","jetpack_shortlink":"https:\/\/wp.me\/p6RhLt-jTh","jetpack_sharing_enabled":true,"_links":{"self":[{"href":"https:\/\/eldiariodesanpedro.com.ar\/sitio\/wp-json\/wp\/v2\/posts\/76463","targetHints":{"allow":["GET"]}}],"collection":[{"href":"https:\/\/eldiariodesanpedro.com.ar\/sitio\/wp-json\/wp\/v2\/posts"}],"about":[{"href":"https:\/\/eldiariodesanpedro.com.ar\/sitio\/wp-json\/wp\/v2\/types\/post"}],"author":[{"embeddable":true,"href":"https:\/\/eldiariodesanpedro.com.ar\/sitio\/wp-json\/wp\/v2\/users\/4"}],"replies":[{"embeddable":true,"href":"https:\/\/eldiariodesanpedro.com.ar\/sitio\/wp-json\/wp\/v2\/comments?post=76463"}],"version-history":[{"count":1,"href":"https:\/\/eldiariodesanpedro.com.ar\/sitio\/wp-json\/wp\/v2\/posts\/76463\/revisions"}],"predecessor-version":[{"id":76467,"href":"https:\/\/eldiariodesanpedro.com.ar\/sitio\/wp-json\/wp\/v2\/posts\/76463\/revisions\/76467"}],"wp:featuredmedia":[{"embeddable":true,"href":"https:\/\/eldiariodesanpedro.com.ar\/sitio\/wp-json\/wp\/v2\/media\/76464"}],"wp:attachment":[{"href":"https:\/\/eldiariodesanpedro.com.ar\/sitio\/wp-json\/wp\/v2\/media?parent=76463"}],"wp:term":[{"taxonomy":"category","embeddable":true,"href":"https:\/\/eldiariodesanpedro.com.ar\/sitio\/wp-json\/wp\/v2\/categories?post=76463"},{"taxonomy":"post_tag","embeddable":true,"href":"https:\/\/eldiariodesanpedro.com.ar\/sitio\/wp-json\/wp\/v2\/tags?post=76463"}],"curies":[{"name":"wp","href":"https:\/\/api.w.org\/{rel}","templated":true}]}}