{"id":76451,"date":"2020-06-24T10:06:57","date_gmt":"2020-06-24T13:06:57","guid":{"rendered":"https:\/\/eldiariodesanpedro.com.ar\/sitio\/?p=76451"},"modified":"2020-06-24T10:07:00","modified_gmt":"2020-06-24T13:07:00","slug":"los-pagos-de-anses-para-este-miercoles","status":"publish","type":"post","link":"https:\/\/eldiariodesanpedro.com.ar\/sitio\/los-pagos-de-anses-para-este-miercoles\/","title":{"rendered":"Los pagos de ANSES para este mi\u00e9rcoles"},"content":{"rendered":"<!-- VideographyWP Plugin Message: Automatic video embedding prevented by plugin options. -->\n\n<p><strong>Beneficiarios del Ingreso Familiar de Emergencia<\/strong><\/p>\n\n\n\n<p><strong>Ma\u00f1ana cobran el Ingreso Familiar de Emergencia (IFE) aquellas personas que eligieron la opci\u00f3n CBU en el primer cobro del beneficio y sus documentos terminen en 2 y 3.&nbsp;<\/strong><\/p>\n\n\n\n<p><strong>Para consultar la fecha de cobro, deber\u00e1n ingresar en <\/strong><a href=\"http:\/\/www.anses.gob.ar\/\"><strong>www.anses.gob.ar<\/strong><\/a><strong>, secci\u00f3n <\/strong><strong><em>Ingreso Familiar de Emergencia<\/em><\/strong><strong>.<\/strong><\/p>\n\n\n\n<p><strong>Asignaci\u00f3n Universal por Embarazo<\/strong><\/p>\n\n\n\n<p>Los titulares de la Asignaci\u00f3n Universal por Embarazo (AUE) con documentos finalizados en <strong>9<\/strong> cobrar\u00e1n ma\u00f1ana su prestaci\u00f3n junto al Ingreso Familiar de Emergencia (IFE), utilizando su tarjeta de d\u00e9bito.<\/p>\n\n\n\n<p><strong>Titulares de jubilaciones y pensiones del Sistema Integrado Previsional Argentino (SIPA)<\/strong><\/p>\n\n\n\n<p>Las sucursales bancarias habilitadas atender\u00e1n por ventanilla solo a los <strong>jubilados y pensionados cuyos haberes SUPEREN la suma de $18.952 y sus documentos terminen en 2 y 3<\/strong>.<\/p>\n\n\n\n<p>En este sentido, si bien estas personas no tienen que solicitar turno previo para cobrar este beneficio, <strong>deben acercarse a la sucursal bancaria \u00fanicamente en la fecha asignada<\/strong>. Cabe recordar que los haberes permanecer\u00e1n depositados en sus cuentas.<\/p>\n\n\n\n<p><strong>Prestaci\u00f3n por Desempleo<\/strong>Ma\u00f1ana cobrar\u00e1n la Prestaci\u00f3n por Desempleo \u2013PLAN 1\u2013 las personas cuyos documentos finalizan en <strong>2 y 3<\/strong>.<\/p>\n","protected":false},"excerpt":{"rendered":"<p>Beneficiarios del Ingreso Familiar de Emergencia Ma\u00f1ana cobran el Ingreso Familiar de Emergencia (IFE) aquellas personas que eligieron la opci\u00f3n CBU en el primer cobro del beneficio y sus documentos terminen en 2 y 3.&nbsp; Para consultar la fecha de cobro, deber\u00e1n ingresar en www.anses.gob.ar, secci\u00f3n Ingreso Familiar de Emergencia. Asignaci\u00f3n Universal por Embarazo Los [&hellip;]<\/p>\n","protected":false},"author":4,"featured_media":74872,"comment_status":"open","ping_status":"closed","sticky":false,"template":"","format":"standard","meta":{"om_disable_all_campaigns":false,"_jetpack_memberships_contains_paid_content":false,"footnotes":""},"categories":[101,2],"tags":[197,33,1085,19],"class_list":["post-76451","post","type-post","status-publish","format-standard","has-post-thumbnail","hentry","category-interes-general-locales","category-locales","tag-buenos-aires","tag-locales","tag-pagos","tag-san-pedro"],"aioseo_notices":[],"gutentor_comment":0,"jetpack_featured_media_url":"https:\/\/eldiariodesanpedro.com.ar\/sitio\/wp-content\/uploads\/2020\/06\/SM-anses-07052020.jpeg","jetpack_shortlink":"https:\/\/wp.me\/p6RhLt-jT5","jetpack_sharing_enabled":true,"_links":{"self":[{"href":"https:\/\/eldiariodesanpedro.com.ar\/sitio\/wp-json\/wp\/v2\/posts\/76451","targetHints":{"allow":["GET"]}}],"collection":[{"href":"https:\/\/eldiariodesanpedro.com.ar\/sitio\/wp-json\/wp\/v2\/posts"}],"about":[{"href":"https:\/\/eldiariodesanpedro.com.ar\/sitio\/wp-json\/wp\/v2\/types\/post"}],"author":[{"embeddable":true,"href":"https:\/\/eldiariodesanpedro.com.ar\/sitio\/wp-json\/wp\/v2\/users\/4"}],"replies":[{"embeddable":true,"href":"https:\/\/eldiariodesanpedro.com.ar\/sitio\/wp-json\/wp\/v2\/comments?post=76451"}],"version-history":[{"count":1,"href":"https:\/\/eldiariodesanpedro.com.ar\/sitio\/wp-json\/wp\/v2\/posts\/76451\/revisions"}],"predecessor-version":[{"id":76452,"href":"https:\/\/eldiariodesanpedro.com.ar\/sitio\/wp-json\/wp\/v2\/posts\/76451\/revisions\/76452"}],"wp:featuredmedia":[{"embeddable":true,"href":"https:\/\/eldiariodesanpedro.com.ar\/sitio\/wp-json\/wp\/v2\/media\/74872"}],"wp:attachment":[{"href":"https:\/\/eldiariodesanpedro.com.ar\/sitio\/wp-json\/wp\/v2\/media?parent=76451"}],"wp:term":[{"taxonomy":"category","embeddable":true,"href":"https:\/\/eldiariodesanpedro.com.ar\/sitio\/wp-json\/wp\/v2\/categories?post=76451"},{"taxonomy":"post_tag","embeddable":true,"href":"https:\/\/eldiariodesanpedro.com.ar\/sitio\/wp-json\/wp\/v2\/tags?post=76451"}],"curies":[{"name":"wp","href":"https:\/\/api.w.org\/{rel}","templated":true}]}}