{"id":76448,"date":"2020-06-23T21:23:00","date_gmt":"2020-06-24T00:23:00","guid":{"rendered":"https:\/\/eldiariodesanpedro.com.ar\/sitio\/?p=76448"},"modified":"2020-06-23T21:23:03","modified_gmt":"2020-06-24T00:23:03","slug":"sin-resultados-hasta-hoy-y-se-envian-diecisiete-nuevas-muestras","status":"publish","type":"post","link":"https:\/\/eldiariodesanpedro.com.ar\/sitio\/sin-resultados-hasta-hoy-y-se-envian-diecisiete-nuevas-muestras\/","title":{"rendered":"Sin resultados hasta hoy y se env\u00edan diecisiete nuevas muestras"},"content":{"rendered":"<!-- VideographyWP Plugin Message: Automatic video embedding prevented by plugin options. -->\n\n<p>De acuerdo a la informaci\u00f3n suministrada por el Laboratorio del Instituto Maiztegui, los resultados de las tres muestras enviadas ayer ser\u00e1n entregados ma\u00f1ana.<\/p>\n\n\n\n<p>En el d\u00eda de hoy se enviaron 17 muestras. Las mismas pertenecen a once mujeres de 12, 18, 46, 48, 54, 57, 75, dos de 17 y dos de 50 a\u00f1os; y seis pertenecen a hombres de 17, 40, 50, 51, 54 y 56 a\u00f1os.<\/p>\n\n\n\n<p>Adem\u00e1s de los casos positivos, permanecen aislados por contacto estrecho, 160 personas.<\/p>\n\n\n\n<p>REPORTE DIARIO N\u00ba 91 &#8211; 23 DE JUNIO<br>SITUACI\u00d3N DE COVID-19 en San Pedro<\/p>\n\n\n\n<p>Nuevas muestras enviadas: 17<br>Muestras Pendientes: 20<br>Nuevas muestras negativas: 0<br>Nuevos Casos Positivos: 0<br>Total de confirmados: 27<br>(3 recuperados)<\/p>\n\n\n\n<p>Total de muestras negativas: 230<\/p>\n\n\n\n<p>Se recuerda que, ante s\u00edntomas de tos seca, fiebre y dolor de garganta y la probabilidad de haber estado en contacto con enfermos o viajeros llegados desde las zonas transmisi\u00f3n local o comunitaria se puede llamar al 148 o 107.<\/p>\n","protected":false},"excerpt":{"rendered":"<p>De acuerdo a la informaci\u00f3n suministrada por el Laboratorio del Instituto Maiztegui, los resultados de las tres muestras enviadas ayer ser\u00e1n entregados ma\u00f1ana. En el d\u00eda de hoy se enviaron 17 muestras. Las mismas pertenecen a once mujeres de 12, 18, 46, 48, 54, 57, 75, dos de 17 y dos de 50 a\u00f1os; y [&hellip;]<\/p>\n","protected":false},"author":4,"featured_media":74925,"comment_status":"open","ping_status":"closed","sticky":false,"template":"","format":"standard","meta":{"om_disable_all_campaigns":false,"_jetpack_memberships_contains_paid_content":false,"footnotes":""},"categories":[50,101,2],"tags":[808,33],"class_list":["post-76448","post","type-post","status-publish","format-standard","has-post-thumbnail","hentry","category-destacadas","category-interes-general-locales","category-locales","tag-coronavirus","tag-locales"],"aioseo_notices":[],"gutentor_comment":0,"jetpack_featured_media_url":"https:\/\/eldiariodesanpedro.com.ar\/sitio\/wp-content\/uploads\/2020\/06\/Coronavirus-test-muestra-745x510-1.jpg","jetpack_shortlink":"https:\/\/wp.me\/p6RhLt-jT2","jetpack_sharing_enabled":true,"_links":{"self":[{"href":"https:\/\/eldiariodesanpedro.com.ar\/sitio\/wp-json\/wp\/v2\/posts\/76448","targetHints":{"allow":["GET"]}}],"collection":[{"href":"https:\/\/eldiariodesanpedro.com.ar\/sitio\/wp-json\/wp\/v2\/posts"}],"about":[{"href":"https:\/\/eldiariodesanpedro.com.ar\/sitio\/wp-json\/wp\/v2\/types\/post"}],"author":[{"embeddable":true,"href":"https:\/\/eldiariodesanpedro.com.ar\/sitio\/wp-json\/wp\/v2\/users\/4"}],"replies":[{"embeddable":true,"href":"https:\/\/eldiariodesanpedro.com.ar\/sitio\/wp-json\/wp\/v2\/comments?post=76448"}],"version-history":[{"count":1,"href":"https:\/\/eldiariodesanpedro.com.ar\/sitio\/wp-json\/wp\/v2\/posts\/76448\/revisions"}],"predecessor-version":[{"id":76450,"href":"https:\/\/eldiariodesanpedro.com.ar\/sitio\/wp-json\/wp\/v2\/posts\/76448\/revisions\/76450"}],"wp:featuredmedia":[{"embeddable":true,"href":"https:\/\/eldiariodesanpedro.com.ar\/sitio\/wp-json\/wp\/v2\/media\/74925"}],"wp:attachment":[{"href":"https:\/\/eldiariodesanpedro.com.ar\/sitio\/wp-json\/wp\/v2\/media?parent=76448"}],"wp:term":[{"taxonomy":"category","embeddable":true,"href":"https:\/\/eldiariodesanpedro.com.ar\/sitio\/wp-json\/wp\/v2\/categories?post=76448"},{"taxonomy":"post_tag","embeddable":true,"href":"https:\/\/eldiariodesanpedro.com.ar\/sitio\/wp-json\/wp\/v2\/tags?post=76448"}],"curies":[{"name":"wp","href":"https:\/\/api.w.org\/{rel}","templated":true}]}}