{"id":76438,"date":"2020-06-23T12:58:38","date_gmt":"2020-06-23T15:58:38","guid":{"rendered":"https:\/\/eldiariodesanpedro.com.ar\/sitio\/?p=76438"},"modified":"2020-06-23T12:58:41","modified_gmt":"2020-06-23T15:58:41","slug":"se-reabre-la-inscripcion-para-el-plan-fines-2020","status":"publish","type":"post","link":"https:\/\/eldiariodesanpedro.com.ar\/sitio\/se-reabre-la-inscripcion-para-el-plan-fines-2020\/","title":{"rendered":"Se reabre la inscripci\u00f3n para el plan FinEs 2020"},"content":{"rendered":"<!-- VideographyWP Plugin Message: Automatic video embedding prevented by plugin options. -->\n\n<p>La Jefatura Distrital de Ramallo informa, que la Direcci\u00f3n de Educaci\u00f3n de J\u00f3venes, Adultos y Adultos Mayores, est\u00e1 llevando a acabo la reapertura de la inscripci\u00f3n FinEs 2020, en el marco de las acciones de planificaci\u00f3n jurisdiccional para la implementaci\u00f3n de la propuesta.<br>Esta acci\u00f3n de inscripci\u00f3n comprende:<br>Estudiantes que hayan cursado FINES Secundaria (incluyendo Secundaria con oficios) durante 2019, 2018, 2017 y deudores de materias que a\u00fan no hayan realizado la inscripci\u00f3n.<\/p>\n\n\n\n<p>Se les solicita realizarla a partir del 19 de junio ingresando en <a href=\"https:\/\/www.argentina.gob.ar\/educacion\/fines\">https:\/\/www.argentina.gob.ar\/educacion\/fines<\/a>.<\/p>\n\n\n\n<p>Estudiantes que ya realizaron la preinscripci\u00f3n en las convocatorias del ministerio de Educaci\u00f3n de la Naci\u00f3n de los meses de abril y mayo. Se les solicita ingresar a <a href=\"https:\/\/www.argentina.gob.ar\/educacion\/fines\">https:\/\/www.argentina.gob.ar\/educacion\/fines<\/a> para confirmar sus datos y cargar informaci\u00f3n complementaria.<\/p>\n\n\n\n<p>\u201cPor RES 146\/2020, el MINISTERIO DE EDUCACION DE NACION, puso en marcha un sistema federal para unificar los procesos de inscripci\u00f3n.<\/p>\n\n\n\n<p>\u201cLa inscripci\u00f3n 2020 se iniciar\u00e1 con una preinscripci\u00f3n en l\u00ednea, a trav\u00e9s de un sistema desarrollado por el MINISTERIO DE EDUCACI\u00d3N para tal fin y que estar\u00e1 disponible en la p\u00e1gina web: <a href=\"https:\/\/www.argentina.gob.ar\/educacion\/fines\">https:\/\/www.argentina.gob.ar\/educacion\/fines<\/a>, que se completar\u00e1 con la presentaci\u00f3n documental que corresponda. <\/p>\n\n\n\n<p>Las jurisdicciones deber\u00e1n informar al MINISTERIO DE EDUCACI\u00d3N el relevamiento de la demanda a partir de la inscripci\u00f3n ratificada, con el fin de que \u00e9ste pueda planificar las acciones a desarrollar.\u201d<\/p>\n\n\n\n<p>Se informa que la fecha l\u00edmite para iniciar o ratificar la inscripci\u00f3n ante el<br>Ministerio de Educaci\u00f3n de la Naci\u00f3n es el 30 de junio de 2020.<\/p>\n","protected":false},"excerpt":{"rendered":"<p>La Jefatura Distrital de Ramallo informa, que la Direcci\u00f3n de Educaci\u00f3n de J\u00f3venes, Adultos y Adultos Mayores, est\u00e1 llevando a acabo la reapertura de la inscripci\u00f3n FinEs 2020, en el marco de las acciones de planificaci\u00f3n jurisdiccional para la implementaci\u00f3n de la propuesta.Esta acci\u00f3n de inscripci\u00f3n comprende:Estudiantes que hayan cursado FINES Secundaria (incluyendo Secundaria con [&hellip;]<\/p>\n","protected":false},"author":4,"featured_media":76439,"comment_status":"open","ping_status":"closed","sticky":false,"template":"","format":"standard","meta":{"om_disable_all_campaigns":false,"_jetpack_memberships_contains_paid_content":false,"footnotes":""},"categories":[101,2],"tags":[1501,1599],"class_list":["post-76438","post","type-post","status-publish","format-standard","has-post-thumbnail","hentry","category-interes-general-locales","category-locales","tag-educacion","tag-fines"],"aioseo_notices":[],"gutentor_comment":0,"jetpack_featured_media_url":"https:\/\/eldiariodesanpedro.com.ar\/sitio\/wp-content\/uploads\/2020\/06\/fines.jpg","jetpack_shortlink":"https:\/\/wp.me\/p6RhLt-jSS","jetpack_sharing_enabled":true,"_links":{"self":[{"href":"https:\/\/eldiariodesanpedro.com.ar\/sitio\/wp-json\/wp\/v2\/posts\/76438","targetHints":{"allow":["GET"]}}],"collection":[{"href":"https:\/\/eldiariodesanpedro.com.ar\/sitio\/wp-json\/wp\/v2\/posts"}],"about":[{"href":"https:\/\/eldiariodesanpedro.com.ar\/sitio\/wp-json\/wp\/v2\/types\/post"}],"author":[{"embeddable":true,"href":"https:\/\/eldiariodesanpedro.com.ar\/sitio\/wp-json\/wp\/v2\/users\/4"}],"replies":[{"embeddable":true,"href":"https:\/\/eldiariodesanpedro.com.ar\/sitio\/wp-json\/wp\/v2\/comments?post=76438"}],"version-history":[{"count":1,"href":"https:\/\/eldiariodesanpedro.com.ar\/sitio\/wp-json\/wp\/v2\/posts\/76438\/revisions"}],"predecessor-version":[{"id":76440,"href":"https:\/\/eldiariodesanpedro.com.ar\/sitio\/wp-json\/wp\/v2\/posts\/76438\/revisions\/76440"}],"wp:featuredmedia":[{"embeddable":true,"href":"https:\/\/eldiariodesanpedro.com.ar\/sitio\/wp-json\/wp\/v2\/media\/76439"}],"wp:attachment":[{"href":"https:\/\/eldiariodesanpedro.com.ar\/sitio\/wp-json\/wp\/v2\/media?parent=76438"}],"wp:term":[{"taxonomy":"category","embeddable":true,"href":"https:\/\/eldiariodesanpedro.com.ar\/sitio\/wp-json\/wp\/v2\/categories?post=76438"},{"taxonomy":"post_tag","embeddable":true,"href":"https:\/\/eldiariodesanpedro.com.ar\/sitio\/wp-json\/wp\/v2\/tags?post=76438"}],"curies":[{"name":"wp","href":"https:\/\/api.w.org\/{rel}","templated":true}]}}