{"id":76435,"date":"2020-06-23T12:52:20","date_gmt":"2020-06-23T15:52:20","guid":{"rendered":"https:\/\/eldiariodesanpedro.com.ar\/sitio\/?p=76435"},"modified":"2020-06-23T12:52:24","modified_gmt":"2020-06-23T15:52:24","slug":"baradero-coronavirus-un-conductor-radial-dio-positivo-y-extremaron-las-medidas-en-una-radio-local","status":"publish","type":"post","link":"https:\/\/eldiariodesanpedro.com.ar\/sitio\/baradero-coronavirus-un-conductor-radial-dio-positivo-y-extremaron-las-medidas-en-una-radio-local\/","title":{"rendered":"BARADERO | Coronavirus: un conductor radial dio positivo y extremaron las medidas en una radio local"},"content":{"rendered":"<!-- VideographyWP Plugin Message: Automatic video embedding prevented by plugin options. -->\n\n<p>Un colega de nuestra ciudad dio positivo a COVID-19 este fin de semana y a ra\u00edz de esto, se conocieron varios mensajes v\u00eda WhatsApp donde hac\u00edan referencia a \u00e9l y su caso.<\/p>\n\n\n\n<p>Se trata de Roberto \u201cEl Vasco\u201d Esconjaureguy quien nos cuenta que no present\u00f3 s\u00edntomas. \u201cSolo perd\u00ed un poco el gusto y lo tom\u00e9 como un resfriado normal\u201d, relat\u00f3 en di\u00e1logo con Tu Radio.<\/p>\n\n\n\n<p>\u201cEl viernes anterior fue el \u00faltimo d\u00eda que me present\u00e9 a la radio a trabajar, y el s\u00e1bado llam\u00e9 a un laboratorio privado y me hice el hisopado correspondiente\u201d, asegur\u00f3 el Vasco.<\/p>\n\n\n\n<p>\u201cTome todas las prevenciones necesarias y me toc\u00f3 igual. Se que si me curo, voy a poder salvar a alguien m\u00e1s donando plasma\u201d cont\u00f3 Esconjaureguy.<\/p>\n\n\n\n<p>Roberto Esconjaureguy conduce su programa radial en LS2 96.9, emisora que adem\u00e1s tiene a miembros de su personal en aislamiento y han tomado las medidas dado que esperan los resultados del hisopado a otro integrante del medio.<\/p>\n\n\n\n<p>Fuente: <a href=\"https:\/\/tulineadirecta.com\/coronavirus-un-conductor-radial-dio-positivo-y-extremaron-las-medidas-en-una-radio-local\/\">Tu Linea Directa<\/a><\/p>\n","protected":false},"excerpt":{"rendered":"<p>Un colega de nuestra ciudad dio positivo a COVID-19 este fin de semana y a ra\u00edz de esto, se conocieron varios mensajes v\u00eda WhatsApp donde hac\u00edan referencia a \u00e9l y su caso. Se trata de Roberto \u201cEl Vasco\u201d Esconjaureguy quien nos cuenta que no present\u00f3 s\u00edntomas. \u201cSolo perd\u00ed un poco el gusto y lo tom\u00e9 [&hellip;]<\/p>\n","protected":false},"author":4,"featured_media":76436,"comment_status":"open","ping_status":"closed","sticky":false,"template":"","format":"standard","meta":{"om_disable_all_campaigns":false,"_jetpack_memberships_contains_paid_content":false,"footnotes":""},"categories":[621],"tags":[139,808,681],"class_list":["post-76435","post","type-post","status-publish","format-standard","has-post-thumbnail","hentry","category-regionales","tag-baradero","tag-coronavirus","tag-regionales"],"aioseo_notices":[],"gutentor_comment":0,"jetpack_featured_media_url":"https:\/\/eldiariodesanpedro.com.ar\/sitio\/wp-content\/uploads\/2020\/06\/0001-1.jpg","jetpack_shortlink":"https:\/\/wp.me\/p6RhLt-jSP","jetpack_sharing_enabled":true,"_links":{"self":[{"href":"https:\/\/eldiariodesanpedro.com.ar\/sitio\/wp-json\/wp\/v2\/posts\/76435","targetHints":{"allow":["GET"]}}],"collection":[{"href":"https:\/\/eldiariodesanpedro.com.ar\/sitio\/wp-json\/wp\/v2\/posts"}],"about":[{"href":"https:\/\/eldiariodesanpedro.com.ar\/sitio\/wp-json\/wp\/v2\/types\/post"}],"author":[{"embeddable":true,"href":"https:\/\/eldiariodesanpedro.com.ar\/sitio\/wp-json\/wp\/v2\/users\/4"}],"replies":[{"embeddable":true,"href":"https:\/\/eldiariodesanpedro.com.ar\/sitio\/wp-json\/wp\/v2\/comments?post=76435"}],"version-history":[{"count":1,"href":"https:\/\/eldiariodesanpedro.com.ar\/sitio\/wp-json\/wp\/v2\/posts\/76435\/revisions"}],"predecessor-version":[{"id":76437,"href":"https:\/\/eldiariodesanpedro.com.ar\/sitio\/wp-json\/wp\/v2\/posts\/76435\/revisions\/76437"}],"wp:featuredmedia":[{"embeddable":true,"href":"https:\/\/eldiariodesanpedro.com.ar\/sitio\/wp-json\/wp\/v2\/media\/76436"}],"wp:attachment":[{"href":"https:\/\/eldiariodesanpedro.com.ar\/sitio\/wp-json\/wp\/v2\/media?parent=76435"}],"wp:term":[{"taxonomy":"category","embeddable":true,"href":"https:\/\/eldiariodesanpedro.com.ar\/sitio\/wp-json\/wp\/v2\/categories?post=76435"},{"taxonomy":"post_tag","embeddable":true,"href":"https:\/\/eldiariodesanpedro.com.ar\/sitio\/wp-json\/wp\/v2\/tags?post=76435"}],"curies":[{"name":"wp","href":"https:\/\/api.w.org\/{rel}","templated":true}]}}