{"id":76432,"date":"2020-06-23T12:45:16","date_gmt":"2020-06-23T15:45:16","guid":{"rendered":"https:\/\/eldiariodesanpedro.com.ar\/sitio\/?p=76432"},"modified":"2020-06-23T12:45:19","modified_gmt":"2020-06-23T15:45:19","slug":"baradero-robaron-y-golpearon-a-un-abuelo-de-78-anos-hay-un-detenido","status":"publish","type":"post","link":"https:\/\/eldiariodesanpedro.com.ar\/sitio\/baradero-robaron-y-golpearon-a-un-abuelo-de-78-anos-hay-un-detenido\/","title":{"rendered":"BARADERO | Robaron y golpearon a un abuelo de 78 a\u00f1os, hay un detenido"},"content":{"rendered":"<!-- VideographyWP Plugin Message: Automatic video embedding prevented by plugin options. -->\n\n<p>El hecho sucedi\u00f3 alrededor de las 2.30 AM en una vivienda de Lino Pi\u00f1eiro al 1100. Un hombre de 78 a\u00f1os fue sorprendido por al menos dos delincuentes que ingresaron por una ventana. Lo golpearon y le llevaron cerca de $2000. La Polic\u00eda detuvo a un sujeto que estar\u00eda implicado en el hecho.<\/p>\n\n\n\n<p>En di\u00e1logo con Tu Radio el subcomisario Fabi\u00e1n Duarte explic\u00f3 que \u201cla victima permanece internada en la Cl\u00ednica Sindical\u201d tras los golpes sufridos.<\/p>\n\n\n\n<p>Este fin de semana robaron en una vivienda ubicada en Lino Pi\u00f1eiro al 1100. El damnificado es un hombre mayor de edad.<\/p>\n\n\n\n<p>Los dos delincuentes lo golpearon, sustrajeron varios elementos personales y gracias a los vecinos lograron detener a uno de ellos.<\/p>\n\n\n\n<p>En el transcurso de la ma\u00f1ana detuvieron a un sujeto al que le secuestraron en su poder efectos personales del damnificado.<\/p>\n\n\n\n<p>Fuente: <a href=\"https:\/\/tulineadirecta.com\/robaron-y-golpearon-a-un-abuelo-de-78-anos-hay-un-detenido\/\">Tu Linea Directa<\/a><\/p>\n","protected":false},"excerpt":{"rendered":"<p>El hecho sucedi\u00f3 alrededor de las 2.30 AM en una vivienda de Lino Pi\u00f1eiro al 1100. Un hombre de 78 a\u00f1os fue sorprendido por al menos dos delincuentes que ingresaron por una ventana. Lo golpearon y le llevaron cerca de $2000. La Polic\u00eda detuvo a un sujeto que estar\u00eda implicado en el hecho. En di\u00e1logo [&hellip;]<\/p>\n","protected":false},"author":4,"featured_media":76433,"comment_status":"open","ping_status":"closed","sticky":false,"template":"","format":"standard","meta":{"om_disable_all_campaigns":false,"_jetpack_memberships_contains_paid_content":false,"footnotes":""},"categories":[621],"tags":[1598,26,681,680,19],"class_list":["post-76432","post","type-post","status-publish","format-standard","has-post-thumbnail","hentry","category-regionales","tag-abuelo","tag-detenido","tag-regionales","tag-robo","tag-san-pedro"],"aioseo_notices":[],"gutentor_comment":0,"jetpack_featured_media_url":"https:\/\/eldiariodesanpedro.com.ar\/sitio\/wp-content\/uploads\/2020\/06\/0000-2.jpg","jetpack_shortlink":"https:\/\/wp.me\/p6RhLt-jSM","jetpack_sharing_enabled":true,"_links":{"self":[{"href":"https:\/\/eldiariodesanpedro.com.ar\/sitio\/wp-json\/wp\/v2\/posts\/76432","targetHints":{"allow":["GET"]}}],"collection":[{"href":"https:\/\/eldiariodesanpedro.com.ar\/sitio\/wp-json\/wp\/v2\/posts"}],"about":[{"href":"https:\/\/eldiariodesanpedro.com.ar\/sitio\/wp-json\/wp\/v2\/types\/post"}],"author":[{"embeddable":true,"href":"https:\/\/eldiariodesanpedro.com.ar\/sitio\/wp-json\/wp\/v2\/users\/4"}],"replies":[{"embeddable":true,"href":"https:\/\/eldiariodesanpedro.com.ar\/sitio\/wp-json\/wp\/v2\/comments?post=76432"}],"version-history":[{"count":1,"href":"https:\/\/eldiariodesanpedro.com.ar\/sitio\/wp-json\/wp\/v2\/posts\/76432\/revisions"}],"predecessor-version":[{"id":76434,"href":"https:\/\/eldiariodesanpedro.com.ar\/sitio\/wp-json\/wp\/v2\/posts\/76432\/revisions\/76434"}],"wp:featuredmedia":[{"embeddable":true,"href":"https:\/\/eldiariodesanpedro.com.ar\/sitio\/wp-json\/wp\/v2\/media\/76433"}],"wp:attachment":[{"href":"https:\/\/eldiariodesanpedro.com.ar\/sitio\/wp-json\/wp\/v2\/media?parent=76432"}],"wp:term":[{"taxonomy":"category","embeddable":true,"href":"https:\/\/eldiariodesanpedro.com.ar\/sitio\/wp-json\/wp\/v2\/categories?post=76432"},{"taxonomy":"post_tag","embeddable":true,"href":"https:\/\/eldiariodesanpedro.com.ar\/sitio\/wp-json\/wp\/v2\/tags?post=76432"}],"curies":[{"name":"wp","href":"https:\/\/api.w.org\/{rel}","templated":true}]}}