{"id":76426,"date":"2020-06-23T11:58:59","date_gmt":"2020-06-23T14:58:59","guid":{"rendered":"https:\/\/eldiariodesanpedro.com.ar\/sitio\/?p=76426"},"modified":"2020-06-23T11:59:02","modified_gmt":"2020-06-23T14:59:02","slug":"baradero-el-intendente-sanzio-confirmo-el-regreso-a-fase-3","status":"publish","type":"post","link":"https:\/\/eldiariodesanpedro.com.ar\/sitio\/baradero-el-intendente-sanzio-confirmo-el-regreso-a-fase-3\/","title":{"rendered":"BARADERO | El Intendente Sanzio confirmo el regreso a fase 3"},"content":{"rendered":"<!-- VideographyWP Plugin Message: Automatic video embedding prevented by plugin options. -->\n\n<p>El Intendente estuvo acompa\u00f1ado por representantes de la seguridad, la pol\u00edtica, los m\u00e9dicos, comerciantes, Bomberos; entre otras instituciones. Hizo el anuncio del regreso a Fase 3 en Baradero. Expres\u00f3 que \u201chay que trabajar entre todos para volver a Fase 4\u201d.<\/p>\n\n\n\n<p>Como primera medida el intendente anunci\u00f3 que \u201cvan a reducir al 50% la circulaci\u00f3n en la ciudad\u201d y de este modo \u201cintensificar\u00e1n los controles utilizando el esquema de fase 1\u201d.<\/p>\n\n\n\n<p>Adem\u00e1s, se refiri\u00f3 al trabajo de \u201cel programa el municipio m\u00e1s cerca de todos\u201d, donde se seguir\u00e1n haciendo controles de salud en los barrios de Baradero.<\/p>\n\n\n\n<p>Respecto a la atenci\u00f3n comercial, dijo que \u201cla limitaci\u00f3n comercial, no est\u00e1 relacionada con que los casos se han multiplicado no por la actividad comercial ni industrial\u201d.<\/p>\n\n\n\n<p>Por otro lado Esteban Sanzio habl\u00f3 sobre los datos en n\u00fameros de casos de Baradero: \u201c20 de los casos positivos, fueron contagiados en tres familias\u201d. Y argument\u00f3 que \u201clos contagios se dan porque hemos tenido un relajamiento\u201d.<\/p>\n\n\n\n<p>Habl\u00f3 de las visitas familiares: \u201chemos tenido la multiplicidad de casos en ese sentido\u201d.<\/p>\n\n\n\n<p>Por su parte el Doctor Gabriel Descalzo, concejal de Juntos por el Cambio, se\u00f1al\u00f3 que \u201cla lucha contra la pandemia es responsabilidad de todos. Si estamos sufriendo un avance de la pandemia porque no nos estamos cuidando como corresponde es hora de hacerlo sin ning\u00fan tipo de peros. Todos debemos aislarnos y cumplir con las normas que nos dicen. Se acabaron las visitas, se acabaron las reuniones sociales. La responsabilidad de la lucha con la pandemia es de todos\u201d.<\/p>\n\n\n\n<p>Jorge Silva, el jefe de Bomberos, destac\u00f3 que en la instituci\u00f3n tuvieron que replantear el trabajo del personal con guardias de 15 personas divididas seg\u00fan la emergencia. Tuvieron dos efectivos en aislamiento por el trabajo que todos tiene de manera personal.<\/p>\n\n\n\n<p>En representaci\u00f3n de los m\u00e9dicos de Baradero, el Dr. Jorge Polyblanc manifest\u00f3 que \u201cla enfermedad se manifiesta de un modo particular donde no hay un tratamiento y todo se circunscribe al aislamiento social\u201d.<\/p>\n\n\n\n<p>Por \u00faltimo Sanzio anunci\u00f3: \u201ctodos los que est\u00e1n sentados aqu\u00ed, representando a todos los sectores, todos tenemos que trabajar para que volvamos a fase 4\u201d.<\/p>\n\n\n\n<p>Fuente: <a href=\"https:\/\/tulineadirecta.com\/\">Tu Linea Directa<\/a><\/p>\n","protected":false},"excerpt":{"rendered":"<p>El Intendente estuvo acompa\u00f1ado por representantes de la seguridad, la pol\u00edtica, los m\u00e9dicos, comerciantes, Bomberos; entre otras instituciones. Hizo el anuncio del regreso a Fase 3 en Baradero. Expres\u00f3 que \u201chay que trabajar entre todos para volver a Fase 4\u201d. Como primera medida el intendente anunci\u00f3 que \u201cvan a reducir al 50% la circulaci\u00f3n en [&hellip;]<\/p>\n","protected":false},"author":4,"featured_media":76427,"comment_status":"open","ping_status":"closed","sticky":false,"template":"","format":"standard","meta":{"om_disable_all_campaigns":false,"_jetpack_memberships_contains_paid_content":false,"footnotes":""},"categories":[621],"tags":[1522,681],"class_list":["post-76426","post","type-post","status-publish","format-standard","has-post-thumbnail","hentry","category-regionales","tag-fase-3","tag-regionales"],"aioseo_notices":[],"gutentor_comment":0,"jetpack_featured_media_url":"https:\/\/eldiariodesanpedro.com.ar\/sitio\/wp-content\/uploads\/2020\/06\/104980543_2615672788691756_4345814509035045781_n.jpg","jetpack_shortlink":"https:\/\/wp.me\/p6RhLt-jSG","jetpack_sharing_enabled":true,"_links":{"self":[{"href":"https:\/\/eldiariodesanpedro.com.ar\/sitio\/wp-json\/wp\/v2\/posts\/76426","targetHints":{"allow":["GET"]}}],"collection":[{"href":"https:\/\/eldiariodesanpedro.com.ar\/sitio\/wp-json\/wp\/v2\/posts"}],"about":[{"href":"https:\/\/eldiariodesanpedro.com.ar\/sitio\/wp-json\/wp\/v2\/types\/post"}],"author":[{"embeddable":true,"href":"https:\/\/eldiariodesanpedro.com.ar\/sitio\/wp-json\/wp\/v2\/users\/4"}],"replies":[{"embeddable":true,"href":"https:\/\/eldiariodesanpedro.com.ar\/sitio\/wp-json\/wp\/v2\/comments?post=76426"}],"version-history":[{"count":1,"href":"https:\/\/eldiariodesanpedro.com.ar\/sitio\/wp-json\/wp\/v2\/posts\/76426\/revisions"}],"predecessor-version":[{"id":76428,"href":"https:\/\/eldiariodesanpedro.com.ar\/sitio\/wp-json\/wp\/v2\/posts\/76426\/revisions\/76428"}],"wp:featuredmedia":[{"embeddable":true,"href":"https:\/\/eldiariodesanpedro.com.ar\/sitio\/wp-json\/wp\/v2\/media\/76427"}],"wp:attachment":[{"href":"https:\/\/eldiariodesanpedro.com.ar\/sitio\/wp-json\/wp\/v2\/media?parent=76426"}],"wp:term":[{"taxonomy":"category","embeddable":true,"href":"https:\/\/eldiariodesanpedro.com.ar\/sitio\/wp-json\/wp\/v2\/categories?post=76426"},{"taxonomy":"post_tag","embeddable":true,"href":"https:\/\/eldiariodesanpedro.com.ar\/sitio\/wp-json\/wp\/v2\/tags?post=76426"}],"curies":[{"name":"wp","href":"https:\/\/api.w.org\/{rel}","templated":true}]}}