{"id":76395,"date":"2020-06-22T21:57:18","date_gmt":"2020-06-23T00:57:18","guid":{"rendered":"https:\/\/eldiariodesanpedro.com.ar\/sitio\/?p=76395"},"modified":"2020-06-22T22:23:41","modified_gmt":"2020-06-23T01:23:41","slug":"doce-nuevos-casos-y-ya-son-veintisiete-positivos","status":"publish","type":"post","link":"https:\/\/eldiariodesanpedro.com.ar\/sitio\/doce-nuevos-casos-y-ya-son-veintisiete-positivos\/","title":{"rendered":"Doce nuevos casos y ya son veintisiete positivos"},"content":{"rendered":"<!-- VideographyWP Plugin Message: Automatic video embedding prevented by plugin options. -->\n\n<p>En conferencia de prensa en el palacio municipal se confirmaron doce nuevos casos de los cuales 10 corresponden a el trabajo realizado en R\u00edo Tala.<\/p>\n\n\n\n<p>Seg\u00fan informo esta noche el Intendente Cecilio Salazar junto al Dr. Guillermo Sancho en el d\u00eda de la fecha se recibieron las 29 muestras enviadas de las cuales diecisiete  dieron negativas y doce positivas. <\/p>\n\n\n\n<p>En el desglose de los casos, diez corresponden a contacto estrecho del prefecto en la localidad de R\u00edo Tala, uno menor de edad familiar de la mujer colaboradora de la iglesia evang\u00e9lica y uno por parte un contacto estrecho con el trabajador del CEM de Baradero.<\/p>\n\n\n\n<p>Por el momento la ciudad de San Pedro continua en Fase 4 como informaron desde la provincia el d\u00eda de hoy pero Salazar determino que cree que de seguir aumentando el ritmo de contagio de los casos no descarta volver a fase 3, lo que volver\u00eda para atr\u00e1s la apertura de comercios y otras actividades.<\/p>\n\n\n\n<p>Por su parte el Dr. Sancho hizo inca pie en lo contagiosa que es esta enfermedad y se puede apreciar en los nuevos 10 casos de contacto estrecho en R\u00edo Tala, tambi\u00e9n agrego que se enviaron seis muestras mas de la vecina localidad que presentan s\u00edntomas compatibles por lo que en las pr\u00f3ximas horas volver\u00edamos a tener mas infectados.<\/p>\n\n\n\n<p>Recordemos que tres casos ya fueron dados de alta el trabajador de Toyota, el Dr. Marin y el paciente de la cl\u00ednica naval. <\/p>\n\n\n\n<figure class=\"wp-block-embed-facebook wp-block-embed is-type-video is-provider-facebook\"><div class=\"wp-block-embed__wrapper\">\n<div class=\"fb-video\" data-allowfullscreen=\"true\" data-href=\"https:\/\/www.facebook.com\/eldiario.desanpedro\/videos\/1455277938007905\" style=\"background-color: #fff; display: inline-block;\"><\/div>\n<\/div><\/figure>\n","protected":false},"excerpt":{"rendered":"<p>En conferencia de prensa en el palacio municipal se confirmaron doce nuevos casos de los cuales 10 corresponden a el trabajo realizado en R\u00edo Tala. Seg\u00fan informo esta noche el Intendente Cecilio Salazar junto al Dr. Guillermo Sancho en el d\u00eda de la fecha se recibieron las 29 muestras enviadas de las cuales diecisiete dieron [&hellip;]<\/p>\n","protected":false},"author":4,"featured_media":76396,"comment_status":"open","ping_status":"closed","sticky":false,"template":"","format":"standard","meta":{"om_disable_all_campaigns":false,"_jetpack_memberships_contains_paid_content":false,"footnotes":""},"categories":[50,101,2],"tags":[197,1250],"class_list":["post-76395","post","type-post","status-publish","format-standard","has-post-thumbnail","hentry","category-destacadas","category-interes-general-locales","category-locales","tag-buenos-aires","tag-positivos"],"aioseo_notices":[],"gutentor_comment":0,"jetpack_featured_media_url":"https:\/\/eldiariodesanpedro.com.ar\/sitio\/wp-content\/uploads\/2020\/06\/unnamed-1.png","jetpack_shortlink":"https:\/\/wp.me\/p6RhLt-jSb","jetpack_sharing_enabled":true,"_links":{"self":[{"href":"https:\/\/eldiariodesanpedro.com.ar\/sitio\/wp-json\/wp\/v2\/posts\/76395","targetHints":{"allow":["GET"]}}],"collection":[{"href":"https:\/\/eldiariodesanpedro.com.ar\/sitio\/wp-json\/wp\/v2\/posts"}],"about":[{"href":"https:\/\/eldiariodesanpedro.com.ar\/sitio\/wp-json\/wp\/v2\/types\/post"}],"author":[{"embeddable":true,"href":"https:\/\/eldiariodesanpedro.com.ar\/sitio\/wp-json\/wp\/v2\/users\/4"}],"replies":[{"embeddable":true,"href":"https:\/\/eldiariodesanpedro.com.ar\/sitio\/wp-json\/wp\/v2\/comments?post=76395"}],"version-history":[{"count":10,"href":"https:\/\/eldiariodesanpedro.com.ar\/sitio\/wp-json\/wp\/v2\/posts\/76395\/revisions"}],"predecessor-version":[{"id":76407,"href":"https:\/\/eldiariodesanpedro.com.ar\/sitio\/wp-json\/wp\/v2\/posts\/76395\/revisions\/76407"}],"wp:featuredmedia":[{"embeddable":true,"href":"https:\/\/eldiariodesanpedro.com.ar\/sitio\/wp-json\/wp\/v2\/media\/76396"}],"wp:attachment":[{"href":"https:\/\/eldiariodesanpedro.com.ar\/sitio\/wp-json\/wp\/v2\/media?parent=76395"}],"wp:term":[{"taxonomy":"category","embeddable":true,"href":"https:\/\/eldiariodesanpedro.com.ar\/sitio\/wp-json\/wp\/v2\/categories?post=76395"},{"taxonomy":"post_tag","embeddable":true,"href":"https:\/\/eldiariodesanpedro.com.ar\/sitio\/wp-json\/wp\/v2\/tags?post=76395"}],"curies":[{"name":"wp","href":"https:\/\/api.w.org\/{rel}","templated":true}]}}