{"id":76353,"date":"2020-06-22T11:28:40","date_gmt":"2020-06-22T14:28:40","guid":{"rendered":"https:\/\/eldiariodesanpedro.com.ar\/sitio\/?p=76353"},"modified":"2020-06-22T11:28:44","modified_gmt":"2020-06-22T14:28:44","slug":"motociclista-sufrio-una-fractura-en-accidente-de-transito-en-zona-centrica","status":"publish","type":"post","link":"https:\/\/eldiariodesanpedro.com.ar\/sitio\/motociclista-sufrio-una-fractura-en-accidente-de-transito-en-zona-centrica\/","title":{"rendered":"Motociclista sufri\u00f3 una fractura en accidente de transito en zona c\u00e9ntrica"},"content":{"rendered":"<!-- VideographyWP Plugin Message: Automatic video embedding prevented by plugin options. -->\n\n<p>En la noche de este domingo p\u00f2r motivos que se tratan de establecer se produjo un accidente de tr\u00e1nsito entre dos rodados.<\/p>\n\n\n\n<p>El siniestro ocurri\u00f3 en la esquina de Mitre y San Mart\u00edn&nbsp; donde un autom\u00f3vil conducido por un hombre de 36 a\u00f1os de edad&nbsp; colision\u00f3 a una motocicleta en la que circulaba otro de 31 a\u00f1os.<\/p>\n\n\n\n<p>Como consecuencias, se procede al secuestro ambos rodados, conductor rodado menor trasladados a hospital local presentado lesiones car\u00e1cter de fractura en miembro.<\/p>\n\n\n\n<p>El personal policial cient\u00edfica San Nicol\u00e1s realiz\u00f3 pericias su especialidad.<\/p>\n","protected":false},"excerpt":{"rendered":"<p>En la noche de este domingo p\u00f2r motivos que se tratan de establecer se produjo un accidente de tr\u00e1nsito entre dos rodados. El siniestro ocurri\u00f3 en la esquina de Mitre y San Mart\u00edn&nbsp; donde un autom\u00f3vil conducido por un hombre de 36 a\u00f1os de edad&nbsp; colision\u00f3 a una motocicleta en la que circulaba otro de [&hellip;]<\/p>\n","protected":false},"author":4,"featured_media":76354,"comment_status":"open","ping_status":"closed","sticky":false,"template":"","format":"standard","meta":{"om_disable_all_campaigns":false,"_jetpack_memberships_contains_paid_content":false,"footnotes":""},"categories":[2,103],"tags":[197],"class_list":["post-76353","post","type-post","status-publish","format-standard","has-post-thumbnail","hentry","category-locales","category-policiales-locales","tag-buenos-aires"],"aioseo_notices":[],"gutentor_comment":0,"jetpack_featured_media_url":"https:\/\/eldiariodesanpedro.com.ar\/sitio\/wp-content\/uploads\/2020\/06\/104849138_2718636901755103_7786721475524298876_n.jpg","jetpack_shortlink":"https:\/\/wp.me\/p6RhLt-jRv","jetpack_sharing_enabled":true,"_links":{"self":[{"href":"https:\/\/eldiariodesanpedro.com.ar\/sitio\/wp-json\/wp\/v2\/posts\/76353","targetHints":{"allow":["GET"]}}],"collection":[{"href":"https:\/\/eldiariodesanpedro.com.ar\/sitio\/wp-json\/wp\/v2\/posts"}],"about":[{"href":"https:\/\/eldiariodesanpedro.com.ar\/sitio\/wp-json\/wp\/v2\/types\/post"}],"author":[{"embeddable":true,"href":"https:\/\/eldiariodesanpedro.com.ar\/sitio\/wp-json\/wp\/v2\/users\/4"}],"replies":[{"embeddable":true,"href":"https:\/\/eldiariodesanpedro.com.ar\/sitio\/wp-json\/wp\/v2\/comments?post=76353"}],"version-history":[{"count":1,"href":"https:\/\/eldiariodesanpedro.com.ar\/sitio\/wp-json\/wp\/v2\/posts\/76353\/revisions"}],"predecessor-version":[{"id":76355,"href":"https:\/\/eldiariodesanpedro.com.ar\/sitio\/wp-json\/wp\/v2\/posts\/76353\/revisions\/76355"}],"wp:featuredmedia":[{"embeddable":true,"href":"https:\/\/eldiariodesanpedro.com.ar\/sitio\/wp-json\/wp\/v2\/media\/76354"}],"wp:attachment":[{"href":"https:\/\/eldiariodesanpedro.com.ar\/sitio\/wp-json\/wp\/v2\/media?parent=76353"}],"wp:term":[{"taxonomy":"category","embeddable":true,"href":"https:\/\/eldiariodesanpedro.com.ar\/sitio\/wp-json\/wp\/v2\/categories?post=76353"},{"taxonomy":"post_tag","embeddable":true,"href":"https:\/\/eldiariodesanpedro.com.ar\/sitio\/wp-json\/wp\/v2\/tags?post=76353"}],"curies":[{"name":"wp","href":"https:\/\/api.w.org\/{rel}","templated":true}]}}