{"id":76350,"date":"2020-06-22T11:19:25","date_gmt":"2020-06-22T14:19:25","guid":{"rendered":"https:\/\/eldiariodesanpedro.com.ar\/sitio\/?p=76350"},"modified":"2020-06-22T11:19:26","modified_gmt":"2020-06-22T14:19:26","slug":"se-encontro-abandonada-una-motocicleta-que-fue-robada-momentos-antes","status":"publish","type":"post","link":"https:\/\/eldiariodesanpedro.com.ar\/sitio\/se-encontro-abandonada-una-motocicleta-que-fue-robada-momentos-antes\/","title":{"rendered":"Se encontr\u00f3 abandonada una motocicleta que fue robada momentos antes"},"content":{"rendered":"<!-- VideographyWP Plugin Message: Automatic video embedding prevented by plugin options. -->\n\n<p>El personal de la comisar\u00eda local, est\u00e1 tras r\u00e1pido proceder policial, en Gral. Pueyerredon y Cruz Roja Argentina proceden al hallazgo y recuperaci\u00f3n de caja y motovehiculo Gilera Smash Roja, propiedad de ciudadana de 39 a\u00f1os quien se desempe\u00f1a como mensajera a quien momentos antes en Benefactora Sampedrina 900 es interceptada por dos masculinos quien mediante agresi\u00f3n f\u00edsica le sustraen rodado, sin provocar lesiones, posterior restituci\u00f3n mismo.<\/p>\n","protected":false},"excerpt":{"rendered":"<p>El personal de la comisar\u00eda local, est\u00e1 tras r\u00e1pido proceder policial, en Gral. Pueyerredon y Cruz Roja Argentina proceden al hallazgo y recuperaci\u00f3n de caja y motovehiculo Gilera Smash Roja, propiedad de ciudadana de 39 a\u00f1os quien se desempe\u00f1a como mensajera a quien momentos antes en Benefactora Sampedrina 900 es interceptada por dos masculinos quien [&hellip;]<\/p>\n","protected":false},"author":4,"featured_media":76351,"comment_status":"open","ping_status":"closed","sticky":false,"template":"","format":"standard","meta":{"om_disable_all_campaigns":false,"_jetpack_memberships_contains_paid_content":false,"footnotes":""},"categories":[2,103],"tags":[197,33],"class_list":["post-76350","post","type-post","status-publish","format-standard","has-post-thumbnail","hentry","category-locales","category-policiales-locales","tag-buenos-aires","tag-locales"],"aioseo_notices":[],"gutentor_comment":0,"jetpack_featured_media_url":"https:\/\/eldiariodesanpedro.com.ar\/sitio\/wp-content\/uploads\/2020\/06\/WhatsApp-Image-2020-06-22-at-10.31.01.jpeg","jetpack_shortlink":"https:\/\/wp.me\/p6RhLt-jRs","jetpack_sharing_enabled":true,"_links":{"self":[{"href":"https:\/\/eldiariodesanpedro.com.ar\/sitio\/wp-json\/wp\/v2\/posts\/76350","targetHints":{"allow":["GET"]}}],"collection":[{"href":"https:\/\/eldiariodesanpedro.com.ar\/sitio\/wp-json\/wp\/v2\/posts"}],"about":[{"href":"https:\/\/eldiariodesanpedro.com.ar\/sitio\/wp-json\/wp\/v2\/types\/post"}],"author":[{"embeddable":true,"href":"https:\/\/eldiariodesanpedro.com.ar\/sitio\/wp-json\/wp\/v2\/users\/4"}],"replies":[{"embeddable":true,"href":"https:\/\/eldiariodesanpedro.com.ar\/sitio\/wp-json\/wp\/v2\/comments?post=76350"}],"version-history":[{"count":1,"href":"https:\/\/eldiariodesanpedro.com.ar\/sitio\/wp-json\/wp\/v2\/posts\/76350\/revisions"}],"predecessor-version":[{"id":76352,"href":"https:\/\/eldiariodesanpedro.com.ar\/sitio\/wp-json\/wp\/v2\/posts\/76350\/revisions\/76352"}],"wp:featuredmedia":[{"embeddable":true,"href":"https:\/\/eldiariodesanpedro.com.ar\/sitio\/wp-json\/wp\/v2\/media\/76351"}],"wp:attachment":[{"href":"https:\/\/eldiariodesanpedro.com.ar\/sitio\/wp-json\/wp\/v2\/media?parent=76350"}],"wp:term":[{"taxonomy":"category","embeddable":true,"href":"https:\/\/eldiariodesanpedro.com.ar\/sitio\/wp-json\/wp\/v2\/categories?post=76350"},{"taxonomy":"post_tag","embeddable":true,"href":"https:\/\/eldiariodesanpedro.com.ar\/sitio\/wp-json\/wp\/v2\/tags?post=76350"}],"curies":[{"name":"wp","href":"https:\/\/api.w.org\/{rel}","templated":true}]}}