{"id":76346,"date":"2020-06-22T10:46:05","date_gmt":"2020-06-22T13:46:05","guid":{"rendered":"https:\/\/eldiariodesanpedro.com.ar\/sitio\/?p=76346"},"modified":"2020-06-22T10:46:08","modified_gmt":"2020-06-22T13:46:08","slug":"los-atraparon-infraganti-cuando-trataban-de-robar-en-una-casa-de-una-abuela","status":"publish","type":"post","link":"https:\/\/eldiariodesanpedro.com.ar\/sitio\/los-atraparon-infraganti-cuando-trataban-de-robar-en-una-casa-de-una-abuela\/","title":{"rendered":"Los atraparon infraganti cuando trataban de robar en una casa de una abuela"},"content":{"rendered":"<!-- VideographyWP Plugin Message: Automatic video embedding prevented by plugin options. -->\n\n<p>En la jornada de este domingo la polic\u00eda de nuestra ciudad en conjunto con el grupo GAD de nuestra ciudad realizaron la aprehensi\u00f3n de dos delincuentes que intentaron robar en una vivienda.<\/p>\n\n\n\n<p>En el d\u00eda de ayer dos malhechores de 27 y 23 a\u00f1os de edad fueron aprehendidos a ra\u00edz de un llamado al 911 de un transe\u00fante que vio el momento de intento de ingresar a una vivienda ubicada en calle Lavalle al 300 propiedad de una mujer de 84 a\u00f1os.<\/p>\n\n\n\n<p>En un r\u00e1pido accionar los efectivos policiales lograron reducir a los delincuentes siendo trasladado hasta la comisar\u00eda local donde permanecen alojados esperando directivas de las fiscal\u00eda local.<\/p>\n","protected":false},"excerpt":{"rendered":"<p>En la jornada de este domingo la polic\u00eda de nuestra ciudad en conjunto con el grupo GAD de nuestra ciudad realizaron la aprehensi\u00f3n de dos delincuentes que intentaron robar en una vivienda. En el d\u00eda de ayer dos malhechores de 27 y 23 a\u00f1os de edad fueron aprehendidos a ra\u00edz de un llamado al 911 [&hellip;]<\/p>\n","protected":false},"author":4,"featured_media":76092,"comment_status":"open","ping_status":"closed","sticky":false,"template":"","format":"standard","meta":{"om_disable_all_campaigns":false,"_jetpack_memberships_contains_paid_content":false,"footnotes":""},"categories":[50,2,103],"tags":[33,95],"class_list":["post-76346","post","type-post","status-publish","format-standard","has-post-thumbnail","hentry","category-destacadas","category-locales","category-policiales-locales","tag-locales","tag-policiales"],"aioseo_notices":[],"gutentor_comment":0,"jetpack_featured_media_url":"https:\/\/eldiariodesanpedro.com.ar\/sitio\/wp-content\/uploads\/2020\/06\/baliza-patrullero-policia_658x400.jpg","jetpack_shortlink":"https:\/\/wp.me\/p6RhLt-jRo","jetpack_sharing_enabled":true,"_links":{"self":[{"href":"https:\/\/eldiariodesanpedro.com.ar\/sitio\/wp-json\/wp\/v2\/posts\/76346","targetHints":{"allow":["GET"]}}],"collection":[{"href":"https:\/\/eldiariodesanpedro.com.ar\/sitio\/wp-json\/wp\/v2\/posts"}],"about":[{"href":"https:\/\/eldiariodesanpedro.com.ar\/sitio\/wp-json\/wp\/v2\/types\/post"}],"author":[{"embeddable":true,"href":"https:\/\/eldiariodesanpedro.com.ar\/sitio\/wp-json\/wp\/v2\/users\/4"}],"replies":[{"embeddable":true,"href":"https:\/\/eldiariodesanpedro.com.ar\/sitio\/wp-json\/wp\/v2\/comments?post=76346"}],"version-history":[{"count":1,"href":"https:\/\/eldiariodesanpedro.com.ar\/sitio\/wp-json\/wp\/v2\/posts\/76346\/revisions"}],"predecessor-version":[{"id":76347,"href":"https:\/\/eldiariodesanpedro.com.ar\/sitio\/wp-json\/wp\/v2\/posts\/76346\/revisions\/76347"}],"wp:featuredmedia":[{"embeddable":true,"href":"https:\/\/eldiariodesanpedro.com.ar\/sitio\/wp-json\/wp\/v2\/media\/76092"}],"wp:attachment":[{"href":"https:\/\/eldiariodesanpedro.com.ar\/sitio\/wp-json\/wp\/v2\/media?parent=76346"}],"wp:term":[{"taxonomy":"category","embeddable":true,"href":"https:\/\/eldiariodesanpedro.com.ar\/sitio\/wp-json\/wp\/v2\/categories?post=76346"},{"taxonomy":"post_tag","embeddable":true,"href":"https:\/\/eldiariodesanpedro.com.ar\/sitio\/wp-json\/wp\/v2\/tags?post=76346"}],"curies":[{"name":"wp","href":"https:\/\/api.w.org\/{rel}","templated":true}]}}