{"id":76340,"date":"2020-06-22T10:21:31","date_gmt":"2020-06-22T13:21:31","guid":{"rendered":"https:\/\/eldiariodesanpedro.com.ar\/sitio\/?p=76340"},"modified":"2020-06-22T10:21:34","modified_gmt":"2020-06-22T13:21:34","slug":"una-nina-de-tres-anos-trasladada-grave-a-rosario-por-accidente-domiciliario","status":"publish","type":"post","link":"https:\/\/eldiariodesanpedro.com.ar\/sitio\/una-nina-de-tres-anos-trasladada-grave-a-rosario-por-accidente-domiciliario\/","title":{"rendered":"Una ni\u00f1a de tres a\u00f1os trasladada grave a Rosario por accidente domiciliario"},"content":{"rendered":"<!-- VideographyWP Plugin Message: Automatic video embedding prevented by plugin options. -->\n\n<p>El incidente se produjo en la tarde del domingo cuando la ni\u00f1a permanec\u00eda en el interior de su casa. La gravedad de la lesi\u00f3n oblig\u00f3 al traslado desde el Hospital \u201cEmilio Ruffa\u201d a un nosocomio de alta complejidad.<\/p>\n\n\n\n<p>Una ni\u00f1a de 3 a\u00f1os que se encontraba en el interior de su casa sufri\u00f3 un grave accidente dom\u00e9stico y los profesionales que la asistieron decidieron su traslado a un establecimiento de alta complejidad.<\/p>\n\n\n\n<p>El incidente se origin\u00f3 alrededor de las 15 horas en una propiedad ubicada en la calle Chivilcoy al 200 y seg\u00fan explicaron desde el \u00e1mbito de la salud la peque\u00f1a Donatella cay\u00f3 desde una altura cercana a los dos metros de alto y dio su cabeza contra el suelo.<\/p>\n\n\n\n<p>La ni\u00f1a fue asistida por personal del servicio Same y trasladada a la guardia del Hospital local en donde se le efectuaron los primeros estudios.<\/p>\n\n\n\n<p>All\u00ed se advirti\u00f3 que la v\u00edctima presentaba fractura de techo de \u00f3rbita y se decidi\u00f3 su traslado al Sanatorio de Ni\u00f1os de Rosario para que pueda tener un atenci\u00f3n puntual ya que as\u00ed lo indicaba el cuadro m\u00e9dico que present\u00f3.<\/p>\n\n\n\n<p>Sobre el atardecer del domingo Donatella fue llevada a la ciudad de Rosario para continuar con el tratamiento necesario.<\/p>\n\n\n\n<p>Fuente: San Pedro Informa<\/p>\n","protected":false},"excerpt":{"rendered":"<p>El incidente se produjo en la tarde del domingo cuando la ni\u00f1a permanec\u00eda en el interior de su casa. La gravedad de la lesi\u00f3n oblig\u00f3 al traslado desde el Hospital \u201cEmilio Ruffa\u201d a un nosocomio de alta complejidad. Una ni\u00f1a de 3 a\u00f1os que se encontraba en el interior de su casa sufri\u00f3 un grave [&hellip;]<\/p>\n","protected":false},"author":4,"featured_media":67004,"comment_status":"open","ping_status":"closed","sticky":false,"template":"","format":"standard","meta":{"om_disable_all_campaigns":false,"_jetpack_memberships_contains_paid_content":false,"footnotes":""},"categories":[50,101,2],"tags":[197,33],"class_list":["post-76340","post","type-post","status-publish","format-standard","has-post-thumbnail","hentry","category-destacadas","category-interes-general-locales","category-locales","tag-buenos-aires","tag-locales"],"aioseo_notices":[],"gutentor_comment":0,"jetpack_featured_media_url":"https:\/\/eldiariodesanpedro.com.ar\/sitio\/wp-content\/uploads\/2020\/01\/Hospital-Emilio-Ruffa.jpg","jetpack_shortlink":"https:\/\/wp.me\/p6RhLt-jRi","jetpack_sharing_enabled":true,"_links":{"self":[{"href":"https:\/\/eldiariodesanpedro.com.ar\/sitio\/wp-json\/wp\/v2\/posts\/76340","targetHints":{"allow":["GET"]}}],"collection":[{"href":"https:\/\/eldiariodesanpedro.com.ar\/sitio\/wp-json\/wp\/v2\/posts"}],"about":[{"href":"https:\/\/eldiariodesanpedro.com.ar\/sitio\/wp-json\/wp\/v2\/types\/post"}],"author":[{"embeddable":true,"href":"https:\/\/eldiariodesanpedro.com.ar\/sitio\/wp-json\/wp\/v2\/users\/4"}],"replies":[{"embeddable":true,"href":"https:\/\/eldiariodesanpedro.com.ar\/sitio\/wp-json\/wp\/v2\/comments?post=76340"}],"version-history":[{"count":1,"href":"https:\/\/eldiariodesanpedro.com.ar\/sitio\/wp-json\/wp\/v2\/posts\/76340\/revisions"}],"predecessor-version":[{"id":76341,"href":"https:\/\/eldiariodesanpedro.com.ar\/sitio\/wp-json\/wp\/v2\/posts\/76340\/revisions\/76341"}],"wp:featuredmedia":[{"embeddable":true,"href":"https:\/\/eldiariodesanpedro.com.ar\/sitio\/wp-json\/wp\/v2\/media\/67004"}],"wp:attachment":[{"href":"https:\/\/eldiariodesanpedro.com.ar\/sitio\/wp-json\/wp\/v2\/media?parent=76340"}],"wp:term":[{"taxonomy":"category","embeddable":true,"href":"https:\/\/eldiariodesanpedro.com.ar\/sitio\/wp-json\/wp\/v2\/categories?post=76340"},{"taxonomy":"post_tag","embeddable":true,"href":"https:\/\/eldiariodesanpedro.com.ar\/sitio\/wp-json\/wp\/v2\/tags?post=76340"}],"curies":[{"name":"wp","href":"https:\/\/api.w.org\/{rel}","templated":true}]}}