{"id":76336,"date":"2020-06-21T13:54:43","date_gmt":"2020-06-21T16:54:43","guid":{"rendered":"https:\/\/eldiariodesanpedro.com.ar\/sitio\/?p=76336"},"modified":"2020-06-21T13:54:45","modified_gmt":"2020-06-21T16:54:45","slug":"rosarino-choco-con-un-patrullero-al-evadir-el-control-de-acceso-2","status":"publish","type":"post","link":"https:\/\/eldiariodesanpedro.com.ar\/sitio\/rosarino-choco-con-un-patrullero-al-evadir-el-control-de-acceso-2\/","title":{"rendered":"Rosarino choco con un patrullero al evadir el control de acceso"},"content":{"rendered":"<!-- VideographyWP Plugin Message: Automatic video embedding prevented by plugin options. -->\n\n<p>En horas de la madrugada en Mitre y Juan B. Justo, se aprehende masculino mayor de edad oriundo de la ciudad de Rosario, provincia de Santa Fe a quien tambi\u00e9n se le&nbsp; secuestr\u00f3 un autom\u00f3vil Peugeot 508 blanco, quien intentaba ingresar a la ciudad evadiendo el control municipal en el acceso de 191.<\/p>\n\n\n\n<p>Los efectivos policiales apostados en el lugar al notar la situaci\u00f3n da aviso a m\u00f3viles, d\u00e1ndose el masculino a la fuga en el autom\u00f3vil ingresando a la ciudad, motivo r\u00e1pido accionar se realizan operativo cerrojo cort\u00e1ndole el paso, donde el imputado embiste puerta delantera derecha de m\u00f3vil policial.&nbsp;<\/p>\n\n\n\n<p>Afortunadamente todos resultaron ilesos solo da\u00f1os materiales, y en este caso interviene el Juzgado Federal N\u00ba 2 de San Nicol\u00e1s.<\/p>\n","protected":false},"excerpt":{"rendered":"<p>En horas de la madrugada en Mitre y Juan B. Justo, se aprehende masculino mayor de edad oriundo de la ciudad de Rosario, provincia de Santa Fe a quien tambi\u00e9n se le&nbsp; secuestr\u00f3 un autom\u00f3vil Peugeot 508 blanco, quien intentaba ingresar a la ciudad evadiendo el control municipal en el acceso de 191. Los efectivos [&hellip;]<\/p>\n","protected":false},"author":4,"featured_media":76329,"comment_status":"open","ping_status":"closed","sticky":false,"template":"","format":"standard","meta":{"om_disable_all_campaigns":false,"_jetpack_memberships_contains_paid_content":false,"footnotes":""},"categories":[50,2,103],"tags":[197],"class_list":["post-76336","post","type-post","status-publish","format-standard","has-post-thumbnail","hentry","category-destacadas","category-locales","category-policiales-locales","tag-buenos-aires"],"aioseo_notices":[],"gutentor_comment":0,"jetpack_featured_media_url":"https:\/\/eldiariodesanpedro.com.ar\/sitio\/wp-content\/uploads\/2020\/06\/WhatsApp-Image-2020-06-21-at-12.29.47.jpeg","jetpack_shortlink":"https:\/\/wp.me\/p6RhLt-jRe","jetpack_sharing_enabled":true,"_links":{"self":[{"href":"https:\/\/eldiariodesanpedro.com.ar\/sitio\/wp-json\/wp\/v2\/posts\/76336","targetHints":{"allow":["GET"]}}],"collection":[{"href":"https:\/\/eldiariodesanpedro.com.ar\/sitio\/wp-json\/wp\/v2\/posts"}],"about":[{"href":"https:\/\/eldiariodesanpedro.com.ar\/sitio\/wp-json\/wp\/v2\/types\/post"}],"author":[{"embeddable":true,"href":"https:\/\/eldiariodesanpedro.com.ar\/sitio\/wp-json\/wp\/v2\/users\/4"}],"replies":[{"embeddable":true,"href":"https:\/\/eldiariodesanpedro.com.ar\/sitio\/wp-json\/wp\/v2\/comments?post=76336"}],"version-history":[{"count":1,"href":"https:\/\/eldiariodesanpedro.com.ar\/sitio\/wp-json\/wp\/v2\/posts\/76336\/revisions"}],"predecessor-version":[{"id":76337,"href":"https:\/\/eldiariodesanpedro.com.ar\/sitio\/wp-json\/wp\/v2\/posts\/76336\/revisions\/76337"}],"wp:featuredmedia":[{"embeddable":true,"href":"https:\/\/eldiariodesanpedro.com.ar\/sitio\/wp-json\/wp\/v2\/media\/76329"}],"wp:attachment":[{"href":"https:\/\/eldiariodesanpedro.com.ar\/sitio\/wp-json\/wp\/v2\/media?parent=76336"}],"wp:term":[{"taxonomy":"category","embeddable":true,"href":"https:\/\/eldiariodesanpedro.com.ar\/sitio\/wp-json\/wp\/v2\/categories?post=76336"},{"taxonomy":"post_tag","embeddable":true,"href":"https:\/\/eldiariodesanpedro.com.ar\/sitio\/wp-json\/wp\/v2\/tags?post=76336"}],"curies":[{"name":"wp","href":"https:\/\/api.w.org\/{rel}","templated":true}]}}