{"id":76334,"date":"2020-06-21T13:38:12","date_gmt":"2020-06-21T16:38:12","guid":{"rendered":"https:\/\/eldiariodesanpedro.com.ar\/sitio\/?p=76334"},"modified":"2020-06-21T13:38:15","modified_gmt":"2020-06-21T16:38:15","slug":"robaron-una-motocicleta-fz","status":"publish","type":"post","link":"https:\/\/eldiariodesanpedro.com.ar\/sitio\/robaron-una-motocicleta-fz\/","title":{"rendered":"Robaron una motocicleta FZ"},"content":{"rendered":"<!-- VideographyWP Plugin Message: Automatic video embedding prevented by plugin options. -->\n\n<p>En la ma\u00f1ana de este domingo un ciudadano se acerc\u00f3 a la comisar\u00eda local para realizar la denuncia del robo de una motocicleta.<\/p>\n\n\n\n<p>El vecino denunci\u00f3 que en horas de la madrugada constata que ignorados sin violencia, le sustraen motocicleta marca Yamaha FZ 160 cc color roja y negra, la cual hab\u00eda dejado estacionada d\u00eda anterior frente a domicilio de calle Miguel Porta 2000.<\/p>\n","protected":false},"excerpt":{"rendered":"<p>En la ma\u00f1ana de este domingo un ciudadano se acerc\u00f3 a la comisar\u00eda local para realizar la denuncia del robo de una motocicleta. El vecino denunci\u00f3 que en horas de la madrugada constata que ignorados sin violencia, le sustraen motocicleta marca Yamaha FZ 160 cc color roja y negra, la cual hab\u00eda dejado estacionada d\u00eda [&hellip;]<\/p>\n","protected":false},"author":4,"featured_media":75119,"comment_status":"open","ping_status":"closed","sticky":false,"template":"","format":"standard","meta":{"om_disable_all_campaigns":false,"_jetpack_memberships_contains_paid_content":false,"footnotes":""},"categories":[2,103],"tags":[33,19],"class_list":["post-76334","post","type-post","status-publish","format-standard","has-post-thumbnail","hentry","category-locales","category-policiales-locales","tag-locales","tag-san-pedro"],"aioseo_notices":[],"gutentor_comment":0,"jetpack_featured_media_url":"https:\/\/eldiariodesanpedro.com.ar\/sitio\/wp-content\/uploads\/2020\/06\/20200605_110716-scaled-e1591372952573.jpg","jetpack_shortlink":"https:\/\/wp.me\/p6RhLt-jRc","jetpack_sharing_enabled":true,"_links":{"self":[{"href":"https:\/\/eldiariodesanpedro.com.ar\/sitio\/wp-json\/wp\/v2\/posts\/76334","targetHints":{"allow":["GET"]}}],"collection":[{"href":"https:\/\/eldiariodesanpedro.com.ar\/sitio\/wp-json\/wp\/v2\/posts"}],"about":[{"href":"https:\/\/eldiariodesanpedro.com.ar\/sitio\/wp-json\/wp\/v2\/types\/post"}],"author":[{"embeddable":true,"href":"https:\/\/eldiariodesanpedro.com.ar\/sitio\/wp-json\/wp\/v2\/users\/4"}],"replies":[{"embeddable":true,"href":"https:\/\/eldiariodesanpedro.com.ar\/sitio\/wp-json\/wp\/v2\/comments?post=76334"}],"version-history":[{"count":1,"href":"https:\/\/eldiariodesanpedro.com.ar\/sitio\/wp-json\/wp\/v2\/posts\/76334\/revisions"}],"predecessor-version":[{"id":76335,"href":"https:\/\/eldiariodesanpedro.com.ar\/sitio\/wp-json\/wp\/v2\/posts\/76334\/revisions\/76335"}],"wp:featuredmedia":[{"embeddable":true,"href":"https:\/\/eldiariodesanpedro.com.ar\/sitio\/wp-json\/wp\/v2\/media\/75119"}],"wp:attachment":[{"href":"https:\/\/eldiariodesanpedro.com.ar\/sitio\/wp-json\/wp\/v2\/media?parent=76334"}],"wp:term":[{"taxonomy":"category","embeddable":true,"href":"https:\/\/eldiariodesanpedro.com.ar\/sitio\/wp-json\/wp\/v2\/categories?post=76334"},{"taxonomy":"post_tag","embeddable":true,"href":"https:\/\/eldiariodesanpedro.com.ar\/sitio\/wp-json\/wp\/v2\/tags?post=76334"}],"curies":[{"name":"wp","href":"https:\/\/api.w.org\/{rel}","templated":true}]}}