{"id":76331,"date":"2020-06-21T13:34:04","date_gmt":"2020-06-21T16:34:04","guid":{"rendered":"https:\/\/eldiariodesanpedro.com.ar\/sitio\/?p=76331"},"modified":"2020-06-21T13:34:06","modified_gmt":"2020-06-21T16:34:06","slug":"se-realizaron-varias-aprehensiones","status":"publish","type":"post","link":"https:\/\/eldiariodesanpedro.com.ar\/sitio\/se-realizaron-varias-aprehensiones\/","title":{"rendered":"Se realizaron varias aprehensiones"},"content":{"rendered":"<!-- VideographyWP Plugin Message: Automatic video embedding prevented by plugin options. -->\n\n<p>En la jornada de s\u00e1bado y madrugada de domingo se realizaron varios aprehensiones de personas que se encontraban violentando la cuarentena y adem\u00e1s causando diferentes problemas.<\/p>\n\n\n\n<p>En el marco de los operativos dispuestos por la superioridad policial, se desarrollan varios controles por lo que en la tarde de ayer en la intersecci\u00f3n de 11 de Septiembre y Casella el personal aprehende a masculino menor de edad&nbsp; y secuestro en su poder de marihuana y un cigarrillo armado de marihuana.&nbsp;<\/p>\n\n\n\n<p>En la madrugada de este domingo en calle Libertad y Almafuerte se aprehende a cuatro sujetos todos mayores de edad, quienes se encontraban en v\u00eda p\u00fablica tom\u00e1ndose a golpes de pu\u00f1o. Todos presentan heridas car\u00e1cter leves.&nbsp;<\/p>\n\n\n\n<p>En horas de la madrugada del domingo tambi\u00e9n en Auli y Bozzano se aprehende a masculino mayor de edad quien se encontraba causando disturbios en v\u00eda p\u00fablica en estado de ebriedad.\u00a0\u00a0Adem\u00e1s se labraron en el transcurso del d\u00eda s\u00e1bado y madrugada de domingo se labraron 10 infracciones por quebrantamiento de la cuarentena obligatoria (art 205 y 239 CPN), actuaciones con intervenci\u00f3n del Juzgado Federal 2 San Nicol\u00e1s.<\/p>\n","protected":false},"excerpt":{"rendered":"<p>En la jornada de s\u00e1bado y madrugada de domingo se realizaron varios aprehensiones de personas que se encontraban violentando la cuarentena y adem\u00e1s causando diferentes problemas. En el marco de los operativos dispuestos por la superioridad policial, se desarrollan varios controles por lo que en la tarde de ayer en la intersecci\u00f3n de 11 de [&hellip;]<\/p>\n","protected":false},"author":4,"featured_media":76332,"comment_status":"open","ping_status":"closed","sticky":false,"template":"","format":"standard","meta":{"om_disable_all_campaigns":false,"_jetpack_memberships_contains_paid_content":false,"footnotes":""},"categories":[2,103],"tags":[33,19],"class_list":["post-76331","post","type-post","status-publish","format-standard","has-post-thumbnail","hentry","category-locales","category-policiales-locales","tag-locales","tag-san-pedro"],"aioseo_notices":[],"gutentor_comment":0,"jetpack_featured_media_url":"https:\/\/eldiariodesanpedro.com.ar\/sitio\/wp-content\/uploads\/2020\/06\/WhatsApp-Image-2020-06-21-at-12.29.46-1-1.jpeg","jetpack_shortlink":"https:\/\/wp.me\/p6RhLt-jR9","jetpack_sharing_enabled":true,"_links":{"self":[{"href":"https:\/\/eldiariodesanpedro.com.ar\/sitio\/wp-json\/wp\/v2\/posts\/76331","targetHints":{"allow":["GET"]}}],"collection":[{"href":"https:\/\/eldiariodesanpedro.com.ar\/sitio\/wp-json\/wp\/v2\/posts"}],"about":[{"href":"https:\/\/eldiariodesanpedro.com.ar\/sitio\/wp-json\/wp\/v2\/types\/post"}],"author":[{"embeddable":true,"href":"https:\/\/eldiariodesanpedro.com.ar\/sitio\/wp-json\/wp\/v2\/users\/4"}],"replies":[{"embeddable":true,"href":"https:\/\/eldiariodesanpedro.com.ar\/sitio\/wp-json\/wp\/v2\/comments?post=76331"}],"version-history":[{"count":1,"href":"https:\/\/eldiariodesanpedro.com.ar\/sitio\/wp-json\/wp\/v2\/posts\/76331\/revisions"}],"predecessor-version":[{"id":76333,"href":"https:\/\/eldiariodesanpedro.com.ar\/sitio\/wp-json\/wp\/v2\/posts\/76331\/revisions\/76333"}],"wp:featuredmedia":[{"embeddable":true,"href":"https:\/\/eldiariodesanpedro.com.ar\/sitio\/wp-json\/wp\/v2\/media\/76332"}],"wp:attachment":[{"href":"https:\/\/eldiariodesanpedro.com.ar\/sitio\/wp-json\/wp\/v2\/media?parent=76331"}],"wp:term":[{"taxonomy":"category","embeddable":true,"href":"https:\/\/eldiariodesanpedro.com.ar\/sitio\/wp-json\/wp\/v2\/categories?post=76331"},{"taxonomy":"post_tag","embeddable":true,"href":"https:\/\/eldiariodesanpedro.com.ar\/sitio\/wp-json\/wp\/v2\/tags?post=76331"}],"curies":[{"name":"wp","href":"https:\/\/api.w.org\/{rel}","templated":true}]}}