{"id":76325,"date":"2020-06-21T12:58:55","date_gmt":"2020-06-21T15:58:55","guid":{"rendered":"https:\/\/eldiariodesanpedro.com.ar\/sitio\/?p=76325"},"modified":"2020-06-21T12:58:58","modified_gmt":"2020-06-21T15:58:58","slug":"se-secuestraron-dos-motocicletas-2","status":"publish","type":"post","link":"https:\/\/eldiariodesanpedro.com.ar\/sitio\/se-secuestraron-dos-motocicletas-2\/","title":{"rendered":"Se secuestraron dos motocicletas"},"content":{"rendered":"<!-- VideographyWP Plugin Message: Automatic video embedding prevented by plugin options. -->\n\n<p>Durante la jornada de este s\u00e1bado se realizaron diferentes operativos en la ciudad para el endurecimiento en los controles del ASPO por lo que se secuestraron dos motocicletas.<\/p>\n\n\n\n<p>En el marco de operativo dispuesto por la superioridad, en Manuel Iglesias y Alvear se intercepto moto Corven 110 cc&nbsp; S\/ Ptte&nbsp; conducida por&nbsp; masculino mayor de edad, quebrantando DNU 297\/20 aislamiento preventivo obligatorio, constat\u00e1ndose que rodado presenta numeraci\u00f3n de motor y chasis adulterada, procede secuestro y aprehensi\u00f3n.&nbsp;<\/p>\n\n\n\n<p>Adem\u00e1s en el&nbsp; marco del mismo operativo en Manuel Iglesias y Alvear se intercepto moto Honda Wave 110 conducida por masculino mayor de edad&nbsp; quebrantando DNU 297\/20 aislamiento preventivo obligatorio, se procede secuestro de marihuana en su poder, infracci\u00f3n&nbsp; secuestro rodado por falta documentaci\u00f3n y&nbsp; aprehensi\u00f3n.<\/p>\n\n\n\n<p>En ambos casos tom\u00f3 intervenci\u00f3n el Juz. Fed. 2 San Nicol\u00e1s y Juz. Falta local y UFI 5 San Pedro.<\/p>\n","protected":false},"excerpt":{"rendered":"<p>Durante la jornada de este s\u00e1bado se realizaron diferentes operativos en la ciudad para el endurecimiento en los controles del ASPO por lo que se secuestraron dos motocicletas. En el marco de operativo dispuesto por la superioridad, en Manuel Iglesias y Alvear se intercepto moto Corven 110 cc&nbsp; S\/ Ptte&nbsp; conducida por&nbsp; masculino mayor de [&hellip;]<\/p>\n","protected":false},"author":4,"featured_media":76326,"comment_status":"open","ping_status":"closed","sticky":false,"template":"","format":"standard","meta":{"om_disable_all_campaigns":false,"_jetpack_memberships_contains_paid_content":false,"footnotes":""},"categories":[50,2,103],"tags":[19,1585],"class_list":["post-76325","post","type-post","status-publish","format-standard","has-post-thumbnail","hentry","category-destacadas","category-locales","category-policiales-locales","tag-san-pedro","tag-secuestro-mtoo"],"aioseo_notices":[],"gutentor_comment":0,"jetpack_featured_media_url":"https:\/\/eldiariodesanpedro.com.ar\/sitio\/wp-content\/uploads\/2020\/06\/WhatsApp-Image-2020-06-21-at-12.29.46-1.jpeg","jetpack_shortlink":"https:\/\/wp.me\/p6RhLt-jR3","jetpack_sharing_enabled":true,"_links":{"self":[{"href":"https:\/\/eldiariodesanpedro.com.ar\/sitio\/wp-json\/wp\/v2\/posts\/76325","targetHints":{"allow":["GET"]}}],"collection":[{"href":"https:\/\/eldiariodesanpedro.com.ar\/sitio\/wp-json\/wp\/v2\/posts"}],"about":[{"href":"https:\/\/eldiariodesanpedro.com.ar\/sitio\/wp-json\/wp\/v2\/types\/post"}],"author":[{"embeddable":true,"href":"https:\/\/eldiariodesanpedro.com.ar\/sitio\/wp-json\/wp\/v2\/users\/4"}],"replies":[{"embeddable":true,"href":"https:\/\/eldiariodesanpedro.com.ar\/sitio\/wp-json\/wp\/v2\/comments?post=76325"}],"version-history":[{"count":1,"href":"https:\/\/eldiariodesanpedro.com.ar\/sitio\/wp-json\/wp\/v2\/posts\/76325\/revisions"}],"predecessor-version":[{"id":76327,"href":"https:\/\/eldiariodesanpedro.com.ar\/sitio\/wp-json\/wp\/v2\/posts\/76325\/revisions\/76327"}],"wp:featuredmedia":[{"embeddable":true,"href":"https:\/\/eldiariodesanpedro.com.ar\/sitio\/wp-json\/wp\/v2\/media\/76326"}],"wp:attachment":[{"href":"https:\/\/eldiariodesanpedro.com.ar\/sitio\/wp-json\/wp\/v2\/media?parent=76325"}],"wp:term":[{"taxonomy":"category","embeddable":true,"href":"https:\/\/eldiariodesanpedro.com.ar\/sitio\/wp-json\/wp\/v2\/categories?post=76325"},{"taxonomy":"post_tag","embeddable":true,"href":"https:\/\/eldiariodesanpedro.com.ar\/sitio\/wp-json\/wp\/v2\/tags?post=76325"}],"curies":[{"name":"wp","href":"https:\/\/api.w.org\/{rel}","templated":true}]}}