{"id":76314,"date":"2020-06-20T22:57:13","date_gmt":"2020-06-21T01:57:13","guid":{"rendered":"https:\/\/eldiariodesanpedro.com.ar\/sitio\/?p=76314"},"modified":"2020-06-20T22:59:26","modified_gmt":"2020-06-21T01:59:26","slug":"un-nuevo-caso-positivo-y-alta-para-el-joven-trabajador-de-toyota","status":"publish","type":"post","link":"https:\/\/eldiariodesanpedro.com.ar\/sitio\/un-nuevo-caso-positivo-y-alta-para-el-joven-trabajador-de-toyota\/","title":{"rendered":"Un nuevo caso positivo y alta para el joven trabajador de Toyota"},"content":{"rendered":"<!-- VideographyWP Plugin Message: Automatic video embedding prevented by plugin options. -->\n\n<p>En la jornada de este s\u00e1bado se confirm\u00f3 un nuevo caso de Covid-19 en San Pedro de las tres muestras enviadas a el instituto Maiztegui.<\/p>\n\n\n\n<p>Se trata de una mujer de 43 a\u00f1os que cumple tareas en una empresa av\u00edcola ubicada en cercan\u00edas a la localidad de Gobernador Castro sobre la Ruta 9, por lo que la sospecha del contagio no ser\u00eda local, y por parte de este se aislaron a compa\u00f1eros de trabajo y familiares directos .<\/p>\n\n\n\n<p>Afortunadamente los otros dos casos que dieron negativos uno es el empleado de Toyota que ya estar\u00eda curado siendo dado de alta, y el otro es un polic\u00eda de la localidad de R\u00edo tala contacto cercano al prefecto que se desempe\u00f1a en Ibicuy.<\/p>\n\n\n\n<p>Por parte del Secretario de Gobierno Silvio Corti, quien estuvo acompa\u00f1ando a el Dr. Guillermo Sancho en la conferencia, puso un gran \u00e9nfasis en realmente detener la circulaci\u00f3n innecesaria de personas en la ciudad, problema que est\u00e1 afectando a la ciudad temiendo que se espera una gran cantidad de contagios para los pr\u00f3ximos d\u00edas.<\/p>\n\n\n\n<p>sancho adem\u00e1s afirm\u00f3 que de ser necesario si la situaci\u00f3n de la ciudad empeora con la pandemia se podr\u00eda volver a la fase 1.<\/p>\n\n\n\n<p>Tambi\u00e9n coment\u00f3 que hasta el momento se sigue sin poder descubrir el nexo de la mujer que trabaja en el comedor de una iglesia evang\u00e9lica siendo este el caso m\u00e1s preocupante porque ser\u00eda el primero comunitario.<\/p>\n\n\n\n<p>Recordemos que hasta el momento ser\u00edan quince los casos positivos en la ciudad&nbsp; de los cuales tres ya se encuentran recuperados.<\/p>\n\n\n\n<p>En el d\u00eda de ma\u00f1ana por la noche se enviaran veintinueve nuevas muestras al instituto Maiztegui de los que por parte de los funcionarios creen que se volver\u00e1n a tener nuevos casos positivos.<\/p>\n\n\n\n<figure class=\"wp-block-image size-large\"><img decoding=\"async\" width=\"1280\" height=\"1240\" data-attachment-id=\"76317\" data-permalink=\"https:\/\/eldiariodesanpedro.com.ar\/sitio\/un-nuevo-caso-positivo-y-alta-para-el-joven-trabajador-de-toyota\/whatsapp-image-2020-06-20-at-22-58-15\/\" data-orig-file=\"https:\/\/eldiariodesanpedro.com.ar\/sitio\/wp-content\/uploads\/2020\/06\/WhatsApp-Image-2020-06-20-at-22.58.15.jpeg\" data-orig-size=\"1280,1240\" data-comments-opened=\"1\" data-image-meta=\"{&quot;aperture&quot;:&quot;0&quot;,&quot;credit&quot;:&quot;&quot;,&quot;camera&quot;:&quot;&quot;,&quot;caption&quot;:&quot;&quot;,&quot;created_timestamp&quot;:&quot;0&quot;,&quot;copyright&quot;:&quot;&quot;,&quot;focal_length&quot;:&quot;0&quot;,&quot;iso&quot;:&quot;0&quot;,&quot;shutter_speed&quot;:&quot;0&quot;,&quot;title&quot;:&quot;&quot;,&quot;orientation&quot;:&quot;0&quot;}\" data-image-title=\"WhatsApp-Image-2020-06-20-at-22.58.15\" data-image-description=\"\" data-image-caption=\"\" data-large-file=\"https:\/\/eldiariodesanpedro.com.ar\/sitio\/wp-content\/uploads\/2020\/06\/WhatsApp-Image-2020-06-20-at-22.58.15-1024x992.jpeg\" data-src=\"https:\/\/i0.wp.com\/eldiariodesanpedro.com.ar\/sitio\/wp-content\/uploads\/2020\/06\/WhatsApp-Image-2020-06-20-at-22.58.15.jpeg?fit=640%2C620\" alt=\"\" class=\"wp-image-76317 lazyload\" data-srcset=\"https:\/\/eldiariodesanpedro.com.ar\/sitio\/wp-content\/uploads\/2020\/06\/WhatsApp-Image-2020-06-20-at-22.58.15.jpeg 1280w, https:\/\/eldiariodesanpedro.com.ar\/sitio\/wp-content\/uploads\/2020\/06\/WhatsApp-Image-2020-06-20-at-22.58.15-300x291.jpeg 300w, https:\/\/eldiariodesanpedro.com.ar\/sitio\/wp-content\/uploads\/2020\/06\/WhatsApp-Image-2020-06-20-at-22.58.15-1024x992.jpeg 1024w, https:\/\/eldiariodesanpedro.com.ar\/sitio\/wp-content\/uploads\/2020\/06\/WhatsApp-Image-2020-06-20-at-22.58.15-768x744.jpeg 768w\" data-sizes=\"(max-width: 1280px) 100vw, 1280px\" src=\"data:image\/svg+xml;base64,PHN2ZyB3aWR0aD0iMSIgaGVpZ2h0PSIxIiB4bWxucz0iaHR0cDovL3d3dy53My5vcmcvMjAwMC9zdmciPjwvc3ZnPg==\" style=\"--smush-placeholder-width: 1280px; --smush-placeholder-aspect-ratio: 1280\/1240;\" \/><\/figure>\n","protected":false},"excerpt":{"rendered":"<p>En la jornada de este s\u00e1bado se confirm\u00f3 un nuevo caso de Covid-19 en San Pedro de las tres muestras enviadas a el instituto Maiztegui. Se trata de una mujer de 43 a\u00f1os que cumple tareas en una empresa av\u00edcola ubicada en cercan\u00edas a la localidad de Gobernador Castro sobre la Ruta 9, por lo [&hellip;]<\/p>\n","protected":false},"author":4,"featured_media":76315,"comment_status":"open","ping_status":"closed","sticky":false,"template":"","format":"standard","meta":{"om_disable_all_campaigns":false,"_jetpack_memberships_contains_paid_content":false,"footnotes":""},"categories":[50,101,2],"tags":[197,33,1145,19],"class_list":["post-76314","post","type-post","status-publish","format-standard","has-post-thumbnail","hentry","category-destacadas","category-interes-general-locales","category-locales","tag-buenos-aires","tag-locales","tag-positivo","tag-san-pedro"],"aioseo_notices":[],"gutentor_comment":0,"jetpack_featured_media_url":"https:\/\/eldiariodesanpedro.com.ar\/sitio\/wp-content\/uploads\/2020\/06\/unnamed-3.jpg","jetpack_shortlink":"https:\/\/wp.me\/p6RhLt-jQS","jetpack_sharing_enabled":true,"_links":{"self":[{"href":"https:\/\/eldiariodesanpedro.com.ar\/sitio\/wp-json\/wp\/v2\/posts\/76314","targetHints":{"allow":["GET"]}}],"collection":[{"href":"https:\/\/eldiariodesanpedro.com.ar\/sitio\/wp-json\/wp\/v2\/posts"}],"about":[{"href":"https:\/\/eldiariodesanpedro.com.ar\/sitio\/wp-json\/wp\/v2\/types\/post"}],"author":[{"embeddable":true,"href":"https:\/\/eldiariodesanpedro.com.ar\/sitio\/wp-json\/wp\/v2\/users\/4"}],"replies":[{"embeddable":true,"href":"https:\/\/eldiariodesanpedro.com.ar\/sitio\/wp-json\/wp\/v2\/comments?post=76314"}],"version-history":[{"count":2,"href":"https:\/\/eldiariodesanpedro.com.ar\/sitio\/wp-json\/wp\/v2\/posts\/76314\/revisions"}],"predecessor-version":[{"id":76318,"href":"https:\/\/eldiariodesanpedro.com.ar\/sitio\/wp-json\/wp\/v2\/posts\/76314\/revisions\/76318"}],"wp:featuredmedia":[{"embeddable":true,"href":"https:\/\/eldiariodesanpedro.com.ar\/sitio\/wp-json\/wp\/v2\/media\/76315"}],"wp:attachment":[{"href":"https:\/\/eldiariodesanpedro.com.ar\/sitio\/wp-json\/wp\/v2\/media?parent=76314"}],"wp:term":[{"taxonomy":"category","embeddable":true,"href":"https:\/\/eldiariodesanpedro.com.ar\/sitio\/wp-json\/wp\/v2\/categories?post=76314"},{"taxonomy":"post_tag","embeddable":true,"href":"https:\/\/eldiariodesanpedro.com.ar\/sitio\/wp-json\/wp\/v2\/tags?post=76314"}],"curies":[{"name":"wp","href":"https:\/\/api.w.org\/{rel}","templated":true}]}}