{"id":76225,"date":"2020-06-19T21:45:12","date_gmt":"2020-06-20T00:45:12","guid":{"rendered":"https:\/\/eldiariodesanpedro.com.ar\/sitio\/?p=76225"},"modified":"2020-06-19T22:32:50","modified_gmt":"2020-06-20T01:32:50","slug":"se-registraron-dos-nuevos-casos","status":"publish","type":"post","link":"https:\/\/eldiariodesanpedro.com.ar\/sitio\/se-registraron-dos-nuevos-casos\/","title":{"rendered":"Se registraron dos nuevos casos y ya son catorce casos"},"content":{"rendered":"<!-- VideographyWP Plugin Message: Automatic video embedding prevented by plugin options. -->\n\n<p>En la noche de este viernes se realizo una conferencia de prensa donde se informaron dos nuevos casos positivos para coronavirus en nuestra ciudad.<\/p>\n\n\n\n<p>Seg\u00fan informo el Dr. Guillermo Sancho, Secretario de Salud de la Municipalidad junto al Dr. Ramon Salazar explicaron la situaci\u00f3n de estos nuevos casos de covid 19, correspondientes a una mujer de 25 a\u00f1os de edad que seria el primer contagio comunitario que no tiene nexo epidemiologico   que ademas trabajar\u00eda en un comedor. <\/p>\n\n\n\n<p>El otro caso se trata de un joven de 16 a\u00f1os contacto estrecho con el ch\u00f3fer de la ambulancia del CEM de la localidad de Baradero que hace unos d\u00edas atr\u00e1s fue uno de los casos positivos.<\/p>\n\n\n\n<p>Ambos nuevos casos y sus doce contactos estrechos ya fueron aislados preventivamente seg\u00fan informaron los funcionarios.<\/p>\n\n\n\n<p>Hasta el momento son catorce los casos positivos en la ciudad con dos recuperados.<\/p>\n\n\n\n<figure class=\"wp-block-embed-facebook wp-block-embed is-type-rich is-provider-facebook\"><div class=\"wp-block-embed__wrapper\">\n<div class=\"fb-post\" data-href=\"https:\/\/www.facebook.com\/eldiario.desanpedro\/posts\/1307799116095891\" data-width=\"552\" style=\"background-color: #fff; display: inline-block;\"><\/div>\n<\/div><\/figure>\n\n\n\n<p>  <\/p>\n\n\n\n<p> <\/p>\n","protected":false},"excerpt":{"rendered":"<p>En la noche de este viernes se realizo una conferencia de prensa donde se informaron dos nuevos casos positivos para coronavirus en nuestra ciudad. Seg\u00fan informo el Dr. Guillermo Sancho, Secretario de Salud de la Municipalidad junto al Dr. Ramon Salazar explicaron la situaci\u00f3n de estos nuevos casos de covid 19, correspondientes a una mujer [&hellip;]<\/p>\n","protected":false},"author":4,"featured_media":74447,"comment_status":"open","ping_status":"closed","sticky":false,"template":"","format":"standard","meta":{"om_disable_all_campaigns":false,"_jetpack_memberships_contains_paid_content":false,"footnotes":""},"categories":[50,101,2],"tags":[197,810,19],"class_list":["post-76225","post","type-post","status-publish","format-standard","has-post-thumbnail","hentry","category-destacadas","category-interes-general-locales","category-locales","tag-buenos-aires","tag-casos-positivos","tag-san-pedro"],"aioseo_notices":[],"gutentor_comment":0,"jetpack_featured_media_url":"https:\/\/eldiariodesanpedro.com.ar\/sitio\/wp-content\/uploads\/2020\/05\/20200422135806.covid-positivo.jpg","jetpack_shortlink":"https:\/\/wp.me\/p6RhLt-jPr","jetpack_sharing_enabled":true,"_links":{"self":[{"href":"https:\/\/eldiariodesanpedro.com.ar\/sitio\/wp-json\/wp\/v2\/posts\/76225","targetHints":{"allow":["GET"]}}],"collection":[{"href":"https:\/\/eldiariodesanpedro.com.ar\/sitio\/wp-json\/wp\/v2\/posts"}],"about":[{"href":"https:\/\/eldiariodesanpedro.com.ar\/sitio\/wp-json\/wp\/v2\/types\/post"}],"author":[{"embeddable":true,"href":"https:\/\/eldiariodesanpedro.com.ar\/sitio\/wp-json\/wp\/v2\/users\/4"}],"replies":[{"embeddable":true,"href":"https:\/\/eldiariodesanpedro.com.ar\/sitio\/wp-json\/wp\/v2\/comments?post=76225"}],"version-history":[{"count":8,"href":"https:\/\/eldiariodesanpedro.com.ar\/sitio\/wp-json\/wp\/v2\/posts\/76225\/revisions"}],"predecessor-version":[{"id":76233,"href":"https:\/\/eldiariodesanpedro.com.ar\/sitio\/wp-json\/wp\/v2\/posts\/76225\/revisions\/76233"}],"wp:featuredmedia":[{"embeddable":true,"href":"https:\/\/eldiariodesanpedro.com.ar\/sitio\/wp-json\/wp\/v2\/media\/74447"}],"wp:attachment":[{"href":"https:\/\/eldiariodesanpedro.com.ar\/sitio\/wp-json\/wp\/v2\/media?parent=76225"}],"wp:term":[{"taxonomy":"category","embeddable":true,"href":"https:\/\/eldiariodesanpedro.com.ar\/sitio\/wp-json\/wp\/v2\/categories?post=76225"},{"taxonomy":"post_tag","embeddable":true,"href":"https:\/\/eldiariodesanpedro.com.ar\/sitio\/wp-json\/wp\/v2\/tags?post=76225"}],"curies":[{"name":"wp","href":"https:\/\/api.w.org\/{rel}","templated":true}]}}