{"id":76219,"date":"2020-06-19T18:23:51","date_gmt":"2020-06-19T21:23:51","guid":{"rendered":"https:\/\/eldiariodesanpedro.com.ar\/sitio\/?p=76219"},"modified":"2020-06-19T18:23:55","modified_gmt":"2020-06-19T21:23:55","slug":"solidaridad-de-cemibo-y-todos-sus-miembros-con-el-circulo-medico-por-la-situacion-con-osprera","status":"publish","type":"post","link":"https:\/\/eldiariodesanpedro.com.ar\/sitio\/solidaridad-de-cemibo-y-todos-sus-miembros-con-el-circulo-medico-por-la-situacion-con-osprera\/","title":{"rendered":"Solidaridad de CEMIBO y todos sus miembros con el C\u00edrculo M\u00e9dico por la situaci\u00f3n con OSPRERA"},"content":{"rendered":"<!-- VideographyWP Plugin Message: Automatic video embedding prevented by plugin options. -->\n\n<p>Por la presente, CEMIBO (Concertaci\u00f3n de Entidades M\u00e9dicas Independientes Bonaerenses) en conocimiento del conflicto gremial que atraviesa vuestra instituci\u00f3n con la obra social OSPRERA, se pone a su disposici\u00f3n y de sus asociados.<br>En momentos tan dif\u00edciles para todo el sector Salud, vemos con inmensa preocupaci\u00f3n que las obras sociales mantengan deudas de tama\u00f1a magnitud con los prestadores m\u00e9dicos y sanatoriales, poniendo en riesgo su funcionamiento.<\/p>\n\n\n\n<p>Rechazamos tambi\u00e9n el accionar de cualquier instituci\u00f3n que desconozca tal avasallamiento contra los profesionales y los sanatorios locales, e invitamos a toda la comunidad m\u00e9dica de la provincia a sumarse a esta lucha contra la precarizaci\u00f3n del trabajo m\u00e9dico.<\/p>\n\n\n\n<p>Dr. Eduardo Martiarena<br>CEMIBO &#8211; Concertaci\u00f3n de Entidades M\u00e9dicas Independientes Bonaerenses<\/p>\n\n\n\n<p>Asociaci\u00f3n M\u00e9dica Platense, C\u00edrculo M\u00e9dico de Ensenada, C\u00edrculo M\u00e9dico de Tandil, C\u00edrculo M\u00e9dico de Mar del Plata, C\u00edrculo M\u00e9dico de San Pedro, C\u00edrculo M\u00e9dico de Balcarce y C\u00edrculo M\u00e9dico de Trenque Lauquen.<\/p>\n","protected":false},"excerpt":{"rendered":"<p>Por la presente, CEMIBO (Concertaci\u00f3n de Entidades M\u00e9dicas Independientes Bonaerenses) en conocimiento del conflicto gremial que atraviesa vuestra instituci\u00f3n con la obra social OSPRERA, se pone a su disposici\u00f3n y de sus asociados.En momentos tan dif\u00edciles para todo el sector Salud, vemos con inmensa preocupaci\u00f3n que las obras sociales mantengan deudas de tama\u00f1a magnitud con [&hellip;]<\/p>\n","protected":false},"author":4,"featured_media":76220,"comment_status":"open","ping_status":"closed","sticky":false,"template":"","format":"standard","meta":{"om_disable_all_campaigns":false,"_jetpack_memberships_contains_paid_content":false,"footnotes":""},"categories":[101,2],"tags":[197,1000,1001],"class_list":["post-76219","post","type-post","status-publish","format-standard","has-post-thumbnail","hentry","category-interes-general-locales","category-locales","tag-buenos-aires","tag-circulo-medico","tag-osprera"],"aioseo_notices":[],"gutentor_comment":0,"jetpack_featured_media_url":"https:\/\/eldiariodesanpedro.com.ar\/sitio\/wp-content\/uploads\/2020\/06\/WhatsApp-Image-2020-06-19-at-18.07.11.jpeg","jetpack_shortlink":"https:\/\/wp.me\/p6RhLt-jPl","jetpack_sharing_enabled":true,"_links":{"self":[{"href":"https:\/\/eldiariodesanpedro.com.ar\/sitio\/wp-json\/wp\/v2\/posts\/76219","targetHints":{"allow":["GET"]}}],"collection":[{"href":"https:\/\/eldiariodesanpedro.com.ar\/sitio\/wp-json\/wp\/v2\/posts"}],"about":[{"href":"https:\/\/eldiariodesanpedro.com.ar\/sitio\/wp-json\/wp\/v2\/types\/post"}],"author":[{"embeddable":true,"href":"https:\/\/eldiariodesanpedro.com.ar\/sitio\/wp-json\/wp\/v2\/users\/4"}],"replies":[{"embeddable":true,"href":"https:\/\/eldiariodesanpedro.com.ar\/sitio\/wp-json\/wp\/v2\/comments?post=76219"}],"version-history":[{"count":1,"href":"https:\/\/eldiariodesanpedro.com.ar\/sitio\/wp-json\/wp\/v2\/posts\/76219\/revisions"}],"predecessor-version":[{"id":76221,"href":"https:\/\/eldiariodesanpedro.com.ar\/sitio\/wp-json\/wp\/v2\/posts\/76219\/revisions\/76221"}],"wp:featuredmedia":[{"embeddable":true,"href":"https:\/\/eldiariodesanpedro.com.ar\/sitio\/wp-json\/wp\/v2\/media\/76220"}],"wp:attachment":[{"href":"https:\/\/eldiariodesanpedro.com.ar\/sitio\/wp-json\/wp\/v2\/media?parent=76219"}],"wp:term":[{"taxonomy":"category","embeddable":true,"href":"https:\/\/eldiariodesanpedro.com.ar\/sitio\/wp-json\/wp\/v2\/categories?post=76219"},{"taxonomy":"post_tag","embeddable":true,"href":"https:\/\/eldiariodesanpedro.com.ar\/sitio\/wp-json\/wp\/v2\/tags?post=76219"}],"curies":[{"name":"wp","href":"https:\/\/api.w.org\/{rel}","templated":true}]}}