{"id":76216,"date":"2020-06-19T18:21:21","date_gmt":"2020-06-19T21:21:21","guid":{"rendered":"https:\/\/eldiariodesanpedro.com.ar\/sitio\/?p=76216"},"modified":"2020-06-19T18:21:24","modified_gmt":"2020-06-19T21:21:24","slug":"manifestacion-de-la-sociedad-rural-en-apoyo-al-sector-agropecuario","status":"publish","type":"post","link":"https:\/\/eldiariodesanpedro.com.ar\/sitio\/manifestacion-de-la-sociedad-rural-en-apoyo-al-sector-agropecuario\/","title":{"rendered":"Manifestaci\u00f3n de la Sociedad Rural en \u00abapoyo al sector agropecuario\u00bb"},"content":{"rendered":"<!-- VideographyWP Plugin Message: Automatic video embedding prevented by plugin options. -->\n\n<p>La sociedad Rural de San Pedro realiza una convocatoria en adhesi\u00f3n a las marchas y movilizaciones que se har\u00e1n sentir en todo el pa\u00eds por los sucedido con Vicentin. <\/p>\n\n\n\n<p>La marcha esta organizada para este sabado 20 de Junio , con concentraci\u00f3n en Avenida Sarmiento y Ruta 1001 a las 16 hs. <\/p>\n\n\n\n<p>Desde donde partir\u00e1 una caravana hacia el centro de la ciudad.<\/p>\n\n\n\n<p>El fin es \u00abapoyo al sector agropecuario\u00bb y la \u00abdefensa de la propiedad privada\u00bb.<\/p>\n","protected":false},"excerpt":{"rendered":"<p>La sociedad Rural de San Pedro realiza una convocatoria en adhesi\u00f3n a las marchas y movilizaciones que se har\u00e1n sentir en todo el pa\u00eds por los sucedido con Vicentin. La marcha esta organizada para este sabado 20 de Junio , con concentraci\u00f3n en Avenida Sarmiento y Ruta 1001 a las 16 hs. Desde donde partir\u00e1 [&hellip;]<\/p>\n","protected":false},"author":4,"featured_media":76217,"comment_status":"open","ping_status":"closed","sticky":false,"template":"","format":"standard","meta":{"om_disable_all_campaigns":false,"_jetpack_memberships_contains_paid_content":false,"footnotes":""},"categories":[101,2],"tags":[197,19,1431],"class_list":["post-76216","post","type-post","status-publish","format-standard","has-post-thumbnail","hentry","category-interes-general-locales","category-locales","tag-buenos-aires","tag-san-pedro","tag-sociedad-rural"],"aioseo_notices":[],"gutentor_comment":1,"jetpack_featured_media_url":"https:\/\/eldiariodesanpedro.com.ar\/sitio\/wp-content\/uploads\/2020\/06\/Sociedad-Rural-caravana-libertad-de-empresa.png","jetpack_shortlink":"https:\/\/wp.me\/p6RhLt-jPi","jetpack_sharing_enabled":true,"_links":{"self":[{"href":"https:\/\/eldiariodesanpedro.com.ar\/sitio\/wp-json\/wp\/v2\/posts\/76216","targetHints":{"allow":["GET"]}}],"collection":[{"href":"https:\/\/eldiariodesanpedro.com.ar\/sitio\/wp-json\/wp\/v2\/posts"}],"about":[{"href":"https:\/\/eldiariodesanpedro.com.ar\/sitio\/wp-json\/wp\/v2\/types\/post"}],"author":[{"embeddable":true,"href":"https:\/\/eldiariodesanpedro.com.ar\/sitio\/wp-json\/wp\/v2\/users\/4"}],"replies":[{"embeddable":true,"href":"https:\/\/eldiariodesanpedro.com.ar\/sitio\/wp-json\/wp\/v2\/comments?post=76216"}],"version-history":[{"count":1,"href":"https:\/\/eldiariodesanpedro.com.ar\/sitio\/wp-json\/wp\/v2\/posts\/76216\/revisions"}],"predecessor-version":[{"id":76218,"href":"https:\/\/eldiariodesanpedro.com.ar\/sitio\/wp-json\/wp\/v2\/posts\/76216\/revisions\/76218"}],"wp:featuredmedia":[{"embeddable":true,"href":"https:\/\/eldiariodesanpedro.com.ar\/sitio\/wp-json\/wp\/v2\/media\/76217"}],"wp:attachment":[{"href":"https:\/\/eldiariodesanpedro.com.ar\/sitio\/wp-json\/wp\/v2\/media?parent=76216"}],"wp:term":[{"taxonomy":"category","embeddable":true,"href":"https:\/\/eldiariodesanpedro.com.ar\/sitio\/wp-json\/wp\/v2\/categories?post=76216"},{"taxonomy":"post_tag","embeddable":true,"href":"https:\/\/eldiariodesanpedro.com.ar\/sitio\/wp-json\/wp\/v2\/tags?post=76216"}],"curies":[{"name":"wp","href":"https:\/\/api.w.org\/{rel}","templated":true}]}}