{"id":76211,"date":"2020-06-19T17:10:01","date_gmt":"2020-06-19T20:10:01","guid":{"rendered":"https:\/\/eldiariodesanpedro.com.ar\/sitio\/?p=76211"},"modified":"2020-06-19T17:10:05","modified_gmt":"2020-06-19T20:10:05","slug":"zarate-confirmaron-tres-nuevos-casos-positivos","status":"publish","type":"post","link":"https:\/\/eldiariodesanpedro.com.ar\/sitio\/zarate-confirmaron-tres-nuevos-casos-positivos\/","title":{"rendered":"Z\u00c1RATE | Confirmaron tres nuevos casos positivos"},"content":{"rendered":"<!-- VideographyWP Plugin Message: Automatic video embedding prevented by plugin options. -->\n\n<p>El Municipio de Z\u00e1rate a trav\u00e9s de la Secretar\u00eda de Salud informa en base<br>a las estad\u00edsticas del Sistema Nacional de Vigilancia Sanitario (SNVS) del<br>Sistema Integrado de Informaci\u00f3n Sanitaria Argentino (SISA):<\/p>\n\n\n\n<p>Se han registrado 3 nuevos casos positivos para COVID-19 en el d\u00eda de la fecha:<br>\u2022 Femenina de 59 a\u00f1os.<br>\u2022 Masculino de 51 a\u00f1os.<br>\u2022 Femenina de 52 a\u00f1os.<br>Se han informado 10 nuevos casos sospechosos de COVID-19<br>\u2022 Hospital Zonal Virgen del Carmen: 6 casos.<br>\u2022 Cl\u00ednica Privada del Carmen: 4 casos.<br>Se ha descartado 11 casos.<br>Pendientes de resultado: 61 casos.<br>Total de casos descartados: 508.<\/p>\n\n\n\n<p>Al momento se registran 49 casos positivos activos de Coronavirus COVID-19.<br>Se informa adem\u00e1s que 32 pacientes se han recuperado y 2 han fallecido.<br>Total de casos confirmados desde el inicio de la Pandemia: 83<\/p>\n","protected":false},"excerpt":{"rendered":"<p>El Municipio de Z\u00e1rate a trav\u00e9s de la Secretar\u00eda de Salud informa en basea las estad\u00edsticas del Sistema Nacional de Vigilancia Sanitario (SNVS) delSistema Integrado de Informaci\u00f3n Sanitaria Argentino (SISA): Se han registrado 3 nuevos casos positivos para COVID-19 en el d\u00eda de la fecha:\u2022 Femenina de 59 a\u00f1os.\u2022 Masculino de 51 a\u00f1os.\u2022 Femenina de [&hellip;]<\/p>\n","protected":false},"author":4,"featured_media":76212,"comment_status":"open","ping_status":"closed","sticky":false,"template":"","format":"standard","meta":{"om_disable_all_campaigns":false,"_jetpack_memberships_contains_paid_content":false,"footnotes":""},"categories":[621],"tags":[808,1250,681,707],"class_list":["post-76211","post","type-post","status-publish","format-standard","has-post-thumbnail","hentry","category-regionales","tag-coronavirus","tag-positivos","tag-regionales","tag-zarate"],"aioseo_notices":[],"gutentor_comment":0,"jetpack_featured_media_url":"https:\/\/eldiariodesanpedro.com.ar\/sitio\/wp-content\/uploads\/2020\/06\/Coronavirus-UTI-696x477-1.jpg","jetpack_shortlink":"https:\/\/wp.me\/p6RhLt-jPd","jetpack_sharing_enabled":true,"_links":{"self":[{"href":"https:\/\/eldiariodesanpedro.com.ar\/sitio\/wp-json\/wp\/v2\/posts\/76211","targetHints":{"allow":["GET"]}}],"collection":[{"href":"https:\/\/eldiariodesanpedro.com.ar\/sitio\/wp-json\/wp\/v2\/posts"}],"about":[{"href":"https:\/\/eldiariodesanpedro.com.ar\/sitio\/wp-json\/wp\/v2\/types\/post"}],"author":[{"embeddable":true,"href":"https:\/\/eldiariodesanpedro.com.ar\/sitio\/wp-json\/wp\/v2\/users\/4"}],"replies":[{"embeddable":true,"href":"https:\/\/eldiariodesanpedro.com.ar\/sitio\/wp-json\/wp\/v2\/comments?post=76211"}],"version-history":[{"count":1,"href":"https:\/\/eldiariodesanpedro.com.ar\/sitio\/wp-json\/wp\/v2\/posts\/76211\/revisions"}],"predecessor-version":[{"id":76213,"href":"https:\/\/eldiariodesanpedro.com.ar\/sitio\/wp-json\/wp\/v2\/posts\/76211\/revisions\/76213"}],"wp:featuredmedia":[{"embeddable":true,"href":"https:\/\/eldiariodesanpedro.com.ar\/sitio\/wp-json\/wp\/v2\/media\/76212"}],"wp:attachment":[{"href":"https:\/\/eldiariodesanpedro.com.ar\/sitio\/wp-json\/wp\/v2\/media?parent=76211"}],"wp:term":[{"taxonomy":"category","embeddable":true,"href":"https:\/\/eldiariodesanpedro.com.ar\/sitio\/wp-json\/wp\/v2\/categories?post=76211"},{"taxonomy":"post_tag","embeddable":true,"href":"https:\/\/eldiariodesanpedro.com.ar\/sitio\/wp-json\/wp\/v2\/tags?post=76211"}],"curies":[{"name":"wp","href":"https:\/\/api.w.org\/{rel}","templated":true}]}}