{"id":76208,"date":"2020-06-19T17:00:49","date_gmt":"2020-06-19T20:00:49","guid":{"rendered":"https:\/\/eldiariodesanpedro.com.ar\/sitio\/?p=76208"},"modified":"2020-06-19T17:00:52","modified_gmt":"2020-06-19T20:00:52","slug":"baradero-productores-en-alerta-danaron-silo-bolsas-y-desparramaron-el-cereal","status":"publish","type":"post","link":"https:\/\/eldiariodesanpedro.com.ar\/sitio\/baradero-productores-en-alerta-danaron-silo-bolsas-y-desparramaron-el-cereal\/","title":{"rendered":"BARADERO | Productores en alerta: da\u00f1aron silo bolsas y desparramaron el cereal"},"content":{"rendered":"<!-- VideographyWP Plugin Message: Automatic video embedding prevented by plugin options. -->\n\n<p>Ambos hechos se registraron en el partido de Baradero. Para los productores forma parte de un hecho de vandalismo. Solicitaron una reuni\u00f3n con las autoridades de Seguridad y el Comando de Prevenci\u00f3n Rural.<\/p>\n\n\n\n<p>Los da\u00f1os fueron en la cosecha de ma\u00edz y soja que estaban a resguardo en estos silos bolsas. Uno perteneciente a la Fundaci\u00f3n Figueroa Salas y otro a un campo en Santa Coloma.<\/p>\n\n\n\n<p>Pablo Roller, Presidente de la Sociedad Rural de Baradero, cont\u00f3 por Tu Radio que \u201cson p\u00e9rdidas importantes\u201d.<\/p>\n\n\n\n<p>\u201cUn silo de 60 metros, contiene cerca de 200 toneladas y cada tonelada vale $15.000\u201d, expres\u00f3 el titular del ente agrario.<\/p>\n\n\n\n<p>\u201cSolo quisieron hacer da\u00f1o porque no hay faltantes\u201d dijo Roller.<\/p>\n\n\n\n<p>Al mismo tiempo inform\u00f3 que \u201csolicitaron una reuni\u00f3n con las autoridades de Seguridad y el Comando de Prevenci\u00f3n Rural\u201d.<\/p>\n\n\n\n<p>Fuente: <a href=\"https:\/\/tulineadirecta.com\/productores-en-alerta-danaron-silo-bolsas-y-desparramaron-el-cereal\/\">Tu Linea Directa<\/a><\/p>\n","protected":false},"excerpt":{"rendered":"<p>Ambos hechos se registraron en el partido de Baradero. Para los productores forma parte de un hecho de vandalismo. Solicitaron una reuni\u00f3n con las autoridades de Seguridad y el Comando de Prevenci\u00f3n Rural. Los da\u00f1os fueron en la cosecha de ma\u00edz y soja que estaban a resguardo en estos silos bolsas. Uno perteneciente a la [&hellip;]<\/p>\n","protected":false},"author":4,"featured_media":76209,"comment_status":"open","ping_status":"closed","sticky":false,"template":"","format":"standard","meta":{"om_disable_all_campaigns":false,"_jetpack_memberships_contains_paid_content":false,"footnotes":""},"categories":[621],"tags":[197,1575,681,1576],"class_list":["post-76208","post","type-post","status-publish","format-standard","has-post-thumbnail","hentry","category-regionales","tag-buenos-aires","tag-campos","tag-regionales","tag-silobolsas"],"aioseo_notices":[],"gutentor_comment":0,"jetpack_featured_media_url":"https:\/\/eldiariodesanpedro.com.ar\/sitio\/wp-content\/uploads\/2020\/06\/104482796_2342254656084298_27715060478581597_o.jpg","jetpack_shortlink":"https:\/\/wp.me\/p6RhLt-jPa","jetpack_sharing_enabled":true,"_links":{"self":[{"href":"https:\/\/eldiariodesanpedro.com.ar\/sitio\/wp-json\/wp\/v2\/posts\/76208","targetHints":{"allow":["GET"]}}],"collection":[{"href":"https:\/\/eldiariodesanpedro.com.ar\/sitio\/wp-json\/wp\/v2\/posts"}],"about":[{"href":"https:\/\/eldiariodesanpedro.com.ar\/sitio\/wp-json\/wp\/v2\/types\/post"}],"author":[{"embeddable":true,"href":"https:\/\/eldiariodesanpedro.com.ar\/sitio\/wp-json\/wp\/v2\/users\/4"}],"replies":[{"embeddable":true,"href":"https:\/\/eldiariodesanpedro.com.ar\/sitio\/wp-json\/wp\/v2\/comments?post=76208"}],"version-history":[{"count":1,"href":"https:\/\/eldiariodesanpedro.com.ar\/sitio\/wp-json\/wp\/v2\/posts\/76208\/revisions"}],"predecessor-version":[{"id":76210,"href":"https:\/\/eldiariodesanpedro.com.ar\/sitio\/wp-json\/wp\/v2\/posts\/76208\/revisions\/76210"}],"wp:featuredmedia":[{"embeddable":true,"href":"https:\/\/eldiariodesanpedro.com.ar\/sitio\/wp-json\/wp\/v2\/media\/76209"}],"wp:attachment":[{"href":"https:\/\/eldiariodesanpedro.com.ar\/sitio\/wp-json\/wp\/v2\/media?parent=76208"}],"wp:term":[{"taxonomy":"category","embeddable":true,"href":"https:\/\/eldiariodesanpedro.com.ar\/sitio\/wp-json\/wp\/v2\/categories?post=76208"},{"taxonomy":"post_tag","embeddable":true,"href":"https:\/\/eldiariodesanpedro.com.ar\/sitio\/wp-json\/wp\/v2\/tags?post=76208"}],"curies":[{"name":"wp","href":"https:\/\/api.w.org\/{rel}","templated":true}]}}