{"id":76133,"date":"2020-06-19T10:28:22","date_gmt":"2020-06-19T13:28:22","guid":{"rendered":"https:\/\/eldiariodesanpedro.com.ar\/sitio\/?p=76133"},"modified":"2020-06-19T10:28:26","modified_gmt":"2020-06-19T13:28:26","slug":"una-mujer-sufrio-el-robo-de-una-bicicleta","status":"publish","type":"post","link":"https:\/\/eldiariodesanpedro.com.ar\/sitio\/una-mujer-sufrio-el-robo-de-una-bicicleta\/","title":{"rendered":"Una mujer sufri\u00f3 el robo de una bicicleta"},"content":{"rendered":"<!-- VideographyWP Plugin Message: Automatic video embedding prevented by plugin options. -->\n\n<p>En la tarde noche de este jueves una mujer de 34 a\u00f1os de edad que circulaba por la v\u00eda p\u00fablica fue asaltada por un delincuente.<\/p>\n\n\n\n<p>Se recibi\u00f3 una denuncia en la comisar\u00eda local donde una mujer de 34 a\u00f1os de edad declar\u00f3 que mientras caminaba con su hijo por calle Nieto de Torres y Manuel Iglesias en abordada por un delincuente que mediante intimidaci\u00f3n y amenazas le sustrae una bicicleta.&nbsp;<\/p>\n\n\n\n<p>Afortunadamente tanto la madre como el hijo resultan ilesos sin ser agredidos f\u00edsicamente.<\/p>\n","protected":false},"excerpt":{"rendered":"<p>En la tarde noche de este jueves una mujer de 34 a\u00f1os de edad que circulaba por la v\u00eda p\u00fablica fue asaltada por un delincuente. Se recibi\u00f3 una denuncia en la comisar\u00eda local donde una mujer de 34 a\u00f1os de edad declar\u00f3 que mientras caminaba con su hijo por calle Nieto de Torres y Manuel [&hellip;]<\/p>\n","protected":false},"author":4,"featured_media":73638,"comment_status":"open","ping_status":"closed","sticky":false,"template":"","format":"standard","meta":{"om_disable_all_campaigns":false,"_jetpack_memberships_contains_paid_content":false,"footnotes":""},"categories":[2,103],"tags":[197,33,95,19],"class_list":["post-76133","post","type-post","status-publish","format-standard","has-post-thumbnail","hentry","category-locales","category-policiales-locales","tag-buenos-aires","tag-locales","tag-policiales","tag-san-pedro"],"aioseo_notices":[],"gutentor_comment":0,"jetpack_featured_media_url":"https:\/\/eldiariodesanpedro.com.ar\/sitio\/wp-content\/uploads\/2020\/05\/nuevos-patrulleros-policia-home-1280x720-1.jpg","jetpack_shortlink":"https:\/\/wp.me\/p6RhLt-jNX","jetpack_sharing_enabled":true,"_links":{"self":[{"href":"https:\/\/eldiariodesanpedro.com.ar\/sitio\/wp-json\/wp\/v2\/posts\/76133","targetHints":{"allow":["GET"]}}],"collection":[{"href":"https:\/\/eldiariodesanpedro.com.ar\/sitio\/wp-json\/wp\/v2\/posts"}],"about":[{"href":"https:\/\/eldiariodesanpedro.com.ar\/sitio\/wp-json\/wp\/v2\/types\/post"}],"author":[{"embeddable":true,"href":"https:\/\/eldiariodesanpedro.com.ar\/sitio\/wp-json\/wp\/v2\/users\/4"}],"replies":[{"embeddable":true,"href":"https:\/\/eldiariodesanpedro.com.ar\/sitio\/wp-json\/wp\/v2\/comments?post=76133"}],"version-history":[{"count":1,"href":"https:\/\/eldiariodesanpedro.com.ar\/sitio\/wp-json\/wp\/v2\/posts\/76133\/revisions"}],"predecessor-version":[{"id":76134,"href":"https:\/\/eldiariodesanpedro.com.ar\/sitio\/wp-json\/wp\/v2\/posts\/76133\/revisions\/76134"}],"wp:featuredmedia":[{"embeddable":true,"href":"https:\/\/eldiariodesanpedro.com.ar\/sitio\/wp-json\/wp\/v2\/media\/73638"}],"wp:attachment":[{"href":"https:\/\/eldiariodesanpedro.com.ar\/sitio\/wp-json\/wp\/v2\/media?parent=76133"}],"wp:term":[{"taxonomy":"category","embeddable":true,"href":"https:\/\/eldiariodesanpedro.com.ar\/sitio\/wp-json\/wp\/v2\/categories?post=76133"},{"taxonomy":"post_tag","embeddable":true,"href":"https:\/\/eldiariodesanpedro.com.ar\/sitio\/wp-json\/wp\/v2\/tags?post=76133"}],"curies":[{"name":"wp","href":"https:\/\/api.w.org\/{rel}","templated":true}]}}