{"id":76053,"date":"2020-06-18T11:47:03","date_gmt":"2020-06-18T14:47:03","guid":{"rendered":"https:\/\/eldiariodesanpedro.com.ar\/sitio\/?p=76053"},"modified":"2020-06-18T11:47:04","modified_gmt":"2020-06-18T14:47:04","slug":"coronavirus-buenas-noticias-para-localidades-de-la-region","status":"publish","type":"post","link":"https:\/\/eldiariodesanpedro.com.ar\/sitio\/coronavirus-buenas-noticias-para-localidades-de-la-region\/","title":{"rendered":"Coronavirus: Buenas noticias para localidades de la regi\u00f3n"},"content":{"rendered":"<!-- VideographyWP Plugin Message: Automatic video embedding prevented by plugin options. -->\n\n<p>Este mi\u00e9rcoles 17 de junio fue un d\u00eda de buenas noticias para Arrecifes y la regi\u00f3n en cuanto a casos de coronavirus.<\/p>\n\n\n\n<p>Nuestra ciudad lleva ya 11 d\u00edas sin casos positivos desde la \u00faltima confirmaci\u00f3n de Covid-19.<\/p>\n\n\n\n<p>Capit\u00e1n Sarmiento, una de las localidades donde se produjo un brote, complet\u00f3 el cuarto d\u00eda sin nuevos contagios y ya tiene a dos pacientes recuperados, quedando con 28 contagios.<\/p>\n\n\n\n<p>Salto, otro de los focos preocupantes, no tuvo nuevos positivos este mi\u00e9rcoles.<\/p>\n\n\n\n<p>San Pedro tampoco sum\u00f3 confirmaciones de coronavirus, con el cuarto positivo el martes pero de una persona detectada en Entre R\u00edos y que hace 20 d\u00edas no visita la vecina ciudad.<\/p>\n\n\n\n<p>M\u00e1s tranquilos est\u00e1n en Carmen de Areco, con una semana manteniendo los tres positivos. Y San Antonio de Areco, donde se produjo el primer brote de la regi\u00f3n y ya tiene a sus 21 contagiados recuperados.<\/p>\n\n\n\n<p>Muy bien se mantienen, ya en Fase 5 (con m\u00e1s de 21 d\u00edas si contagios), Pergamino y Ramallo, con un positivo cada uno.Compart\u00ed esta noticia<a href=\"https:\/\/www.facebook.com\/sharer.php?u=https%3A%2F%2Farrecifesnoticias.com%2Fgeneral%2Fcoronavirus-dia-de-buenas-noticias-para-la-region%2F\" target=\"_blank\" rel=\"noreferrer noopener\"><\/a>49<a href=\"https:\/\/twitter.com\/share?url=https%3A%2F%2Farrecifesnoticias.com%2Fgeneral%2Fcoronavirus-dia-de-buenas-noticias-para-la-region%2F&amp;text=@NotiArrecifes&amp;via=NotiArrecifes\" target=\"_blank\" rel=\"noreferrer noopener\"><\/a><a href=\"https:\/\/web.whatsapp.com\/send?text=CORONAVIRUS%3A%20D%C3%8DA%20DE%20BUENAS%20NOTICIAS%20PARA%20LA%20REGI%C3%93N%20%E2%98%9B%20https%3A%2F%2Farrecifesnoticias.com%2Fgeneral%2Fcoronavirus-dia-de-buenas-noticias-para-la-region%2F\" target=\"_blank\" rel=\"noreferrer noopener\"><\/a><a href=\"mailto:?subject=CORONAVIRUS%3A%20D%C3%8DA%20DE%20BUENAS%20NOTICIAS%20PARA%20LA%20REGI%C3%93N&amp;body=https%3A%2F%2Farrecifesnoticias.com%2Fgeneral%2Fcoronavirus-dia-de-buenas-noticias-para-la-region%2F%0A%0ACORONAVIRUS%3A%20D%C3%8DA%20DE%20BUENAS%20NOTICIAS%20PARA%20LA%20REGI%C3%93N%0A%0AEste%20mi%C3%A9rcoles%2017%20de%20junio%20fue%20un%20d%C3%ADa%20de%20buenas%20noticias%20para%20Arrecifes%20y%20la%20regi%C3%B3n%20en%20cuanto%20a%20casos%20de%20coronavirus.%0A%0A%0A%0ANuestra%20ciudad%20lleva%20ya%2011%20d%C3%ADas%20sin%20casos%20positivos%20desde%20la%20%C3%BAltima%20confirmaci%C3%B3n%20de%20Covid-19.%0A%0A%0A%0ACapit%C3%A1n%20Sarmiento%2C%20una%20de%20las%20localidades%20donde%20se%20produjo%20un%20brote%2C%20complet%C3%B3%20el%20cuarto%20d%C3%ADa%20sin%20nuevos%20contagios%20y%20ya%20tiene%20a%20dos%20pacientes%20recuperados%2C%20quedando%20con%2028%20contagios.%0A%0A%0A%0ASalto%2C%20otro%20de%20los%20focos%20preocupantes%2C%20no%20tuvo%20nuevos%20positivos%20este%20mi%C3%A9rcoles.%0A%0A%0A%0ASan%20Pedro%20tampoco%20sum%C3%B3%20confirmaciones%20de%20coronavirus%2C%20con%20el%20cuarto%20positivo%20el%20martes%20pero%20de%20una%20persona%20detectada%20en%20Entre%20R%C3%ADos%20y%20que%20hace%2020%20d%C3%ADas%20no%20visita%20la%20vecina%20ciudad.%0A%0A%0A%0AM%C3%A1s%20tranquilos%20est%C3%A1n%20en%20Carmen%20de%20Areco%2C%20con%20una%20semana%20manteniendo%20los%20tres%20positivos.%20Y%20San%20Antonio%20de%20Areco%2C%20donde%20se%20produjo%20el%20primer%20brote%20de%20la%20regi%C3%B3n%20y%20ya%20tiene%20a%20sus%2021%20contagiados%20recuperados.%0A%0A%0A%0AMuy%20bien%20se%20mantienen%2C%20ya%20en%20Fase%205%20%28con%20m%C3%A1s%20de%2021%20d%C3%ADas%20si%20contagios%29%2C%20Pergamino%20y%20Ramallo%2C%20con%20un%20positivo%20cada%20uno.%0A\"><\/a><a href=\"https:\/\/www.printfriendly.com\/print?url=https%3A%2F%2Farrecifesnoticias.com%2Fgeneral%2Fcoronavirus-dia-de-buenas-noticias-para-la-region%2F\" target=\"_blank\" rel=\"noreferrer noopener\"><\/a><a href=\"javascript:void(0);\"><\/a><a href=\"https:\/\/www.facebook.com\/dialog\/send?app_id=140586622674265&amp;link=https%3A%2F%2Farrecifesnoticias.com%2Fgeneral%2Fcoronavirus-dia-de-buenas-noticias-para-la-region%2F&amp;redirect_uri=https%3A%2F%2Farrecifesnoticias.com%2Fgeneral%2Fcoronavirus-dia-de-buenas-noticias-para-la-region%2F\" target=\"_blank\" rel=\"noreferrer noopener\"><\/a><\/p>\n","protected":false},"excerpt":{"rendered":"<p>Este mi\u00e9rcoles 17 de junio fue un d\u00eda de buenas noticias para Arrecifes y la regi\u00f3n en cuanto a casos de coronavirus. Nuestra ciudad lleva ya 11 d\u00edas sin casos positivos desde la \u00faltima confirmaci\u00f3n de Covid-19. Capit\u00e1n Sarmiento, una de las localidades donde se produjo un brote, complet\u00f3 el cuarto d\u00eda sin nuevos contagios [&hellip;]<\/p>\n","protected":false},"author":4,"featured_media":75797,"comment_status":"open","ping_status":"closed","sticky":false,"template":"","format":"standard","meta":{"om_disable_all_campaigns":false,"_jetpack_memberships_contains_paid_content":false,"footnotes":""},"categories":[621],"tags":[1554],"class_list":["post-76053","post","type-post","status-publish","format-standard","has-post-thumbnail","hentry","category-regionales","tag-buenas-noticias"],"aioseo_notices":[],"gutentor_comment":0,"jetpack_featured_media_url":"https:\/\/eldiariodesanpedro.com.ar\/sitio\/wp-content\/uploads\/2020\/06\/0-2-1.jpg","jetpack_shortlink":"https:\/\/wp.me\/p6RhLt-jMF","jetpack_sharing_enabled":true,"_links":{"self":[{"href":"https:\/\/eldiariodesanpedro.com.ar\/sitio\/wp-json\/wp\/v2\/posts\/76053","targetHints":{"allow":["GET"]}}],"collection":[{"href":"https:\/\/eldiariodesanpedro.com.ar\/sitio\/wp-json\/wp\/v2\/posts"}],"about":[{"href":"https:\/\/eldiariodesanpedro.com.ar\/sitio\/wp-json\/wp\/v2\/types\/post"}],"author":[{"embeddable":true,"href":"https:\/\/eldiariodesanpedro.com.ar\/sitio\/wp-json\/wp\/v2\/users\/4"}],"replies":[{"embeddable":true,"href":"https:\/\/eldiariodesanpedro.com.ar\/sitio\/wp-json\/wp\/v2\/comments?post=76053"}],"version-history":[{"count":1,"href":"https:\/\/eldiariodesanpedro.com.ar\/sitio\/wp-json\/wp\/v2\/posts\/76053\/revisions"}],"predecessor-version":[{"id":76054,"href":"https:\/\/eldiariodesanpedro.com.ar\/sitio\/wp-json\/wp\/v2\/posts\/76053\/revisions\/76054"}],"wp:featuredmedia":[{"embeddable":true,"href":"https:\/\/eldiariodesanpedro.com.ar\/sitio\/wp-json\/wp\/v2\/media\/75797"}],"wp:attachment":[{"href":"https:\/\/eldiariodesanpedro.com.ar\/sitio\/wp-json\/wp\/v2\/media?parent=76053"}],"wp:term":[{"taxonomy":"category","embeddable":true,"href":"https:\/\/eldiariodesanpedro.com.ar\/sitio\/wp-json\/wp\/v2\/categories?post=76053"},{"taxonomy":"post_tag","embeddable":true,"href":"https:\/\/eldiariodesanpedro.com.ar\/sitio\/wp-json\/wp\/v2\/tags?post=76053"}],"curies":[{"name":"wp","href":"https:\/\/api.w.org\/{rel}","templated":true}]}}