{"id":76047,"date":"2020-06-18T11:35:54","date_gmt":"2020-06-18T14:35:54","guid":{"rendered":"https:\/\/eldiariodesanpedro.com.ar\/sitio\/?p=76047"},"modified":"2020-06-18T11:35:59","modified_gmt":"2020-06-18T14:35:59","slug":"zarate-declaran-la-emergencia-ambiental-por-las-quemas-de-pastizales-en-el-delta-del-parana","status":"publish","type":"post","link":"https:\/\/eldiariodesanpedro.com.ar\/sitio\/zarate-declaran-la-emergencia-ambiental-por-las-quemas-de-pastizales-en-el-delta-del-parana\/","title":{"rendered":"Z\u00c1RATE | Declaran la emergencia ambiental por las quemas de pastizales en el Delta del Paran\u00e1"},"content":{"rendered":"<!-- VideographyWP Plugin Message: Automatic video embedding prevented by plugin options. -->\n\n<p>Ante la continua quema de pastizal, desde Defensa Civil Campana recuerdan que dicho accionar est\u00e1 terminantemente prohibido.<\/p>\n\n\n\n<p>Seg\u00fan precisaron, el Delta atraviesa una crisis h\u00eddrica debido a las escasas lluvias en toda la Cuenca del R\u00edo Paran\u00e1, desde Brasil hasta nuestra zona, lo que ha producido bajantes hist\u00f3ricas del citado R\u00edo.<\/p>\n\n\n\n<p>Esto acarre\u00f3 que los arroyos, lagunas y efluentes del mismo se secaran por completo, en algunos casos.<\/p>\n\n\n\n<p>\u201cA causa de esta situaci\u00f3n y sumado a la gran carga org\u00e1nica que se va acumulando en la superficie, hace que la zona del Litoral se encuentre en estado cr\u00edtico y en alerta por posibles incendios de gran magnitud\u201d, explicaron.<\/p>\n\n\n\n<p>Debido a los 3000 focos de incendio que se han generado en la zona del Delta del Litoral (Santa Fe \u2013 Entre R\u00edos \u2013 Buenos Aires) el Ministerio de Ambiente de la Naci\u00f3n declar\u00f3 la emergencia ambiental y proh\u00edbe toda quema en la zona durante los pr\u00f3ximos 180 d\u00edas (Entre R\u00edos y Santa Fe).<\/p>\n\n\n\n<p>Quienes no acaten esta emergencia estar\u00e1n infringiendo lo establecido por el C\u00f3digo Penal de la Naci\u00f3n Argentina (Ley 11179), la Ley 25675 General del Ambiente y la Ley 26562 Control de Actividades de Quema.<\/p>\n\n\n\n<p>Fuente: <a href=\"http:\/\/impactolocal.com.ar\/2020\/06\/17\/declaran-la-emergencia-ambiental-por-las-quemas-de-pastizales-en-el-delta-del-parana\/\">Impacto Local <\/a><\/p>\n","protected":false},"excerpt":{"rendered":"<p>Ante la continua quema de pastizal, desde Defensa Civil Campana recuerdan que dicho accionar est\u00e1 terminantemente prohibido. Seg\u00fan precisaron, el Delta atraviesa una crisis h\u00eddrica debido a las escasas lluvias en toda la Cuenca del R\u00edo Paran\u00e1, desde Brasil hasta nuestra zona, lo que ha producido bajantes hist\u00f3ricas del citado R\u00edo. Esto acarre\u00f3 que los [&hellip;]<\/p>\n","protected":false},"author":4,"featured_media":76048,"comment_status":"open","ping_status":"closed","sticky":false,"template":"","format":"standard","meta":{"om_disable_all_campaigns":false,"_jetpack_memberships_contains_paid_content":false,"footnotes":""},"categories":[621],"tags":[1551,1550,707],"class_list":["post-76047","post","type-post","status-publish","format-standard","has-post-thumbnail","hentry","category-regionales","tag-pastizales","tag-quema","tag-zarate"],"aioseo_notices":[],"gutentor_comment":0,"jetpack_featured_media_url":"https:\/\/eldiariodesanpedro.com.ar\/sitio\/wp-content\/uploads\/2020\/06\/La-emergencia-busca-reducir-la-numerosa-cantidad-de-focos-de-incendio-en-la-zona-.jpeg","jetpack_shortlink":"https:\/\/wp.me\/p6RhLt-jMz","jetpack_sharing_enabled":true,"_links":{"self":[{"href":"https:\/\/eldiariodesanpedro.com.ar\/sitio\/wp-json\/wp\/v2\/posts\/76047","targetHints":{"allow":["GET"]}}],"collection":[{"href":"https:\/\/eldiariodesanpedro.com.ar\/sitio\/wp-json\/wp\/v2\/posts"}],"about":[{"href":"https:\/\/eldiariodesanpedro.com.ar\/sitio\/wp-json\/wp\/v2\/types\/post"}],"author":[{"embeddable":true,"href":"https:\/\/eldiariodesanpedro.com.ar\/sitio\/wp-json\/wp\/v2\/users\/4"}],"replies":[{"embeddable":true,"href":"https:\/\/eldiariodesanpedro.com.ar\/sitio\/wp-json\/wp\/v2\/comments?post=76047"}],"version-history":[{"count":1,"href":"https:\/\/eldiariodesanpedro.com.ar\/sitio\/wp-json\/wp\/v2\/posts\/76047\/revisions"}],"predecessor-version":[{"id":76049,"href":"https:\/\/eldiariodesanpedro.com.ar\/sitio\/wp-json\/wp\/v2\/posts\/76047\/revisions\/76049"}],"wp:featuredmedia":[{"embeddable":true,"href":"https:\/\/eldiariodesanpedro.com.ar\/sitio\/wp-json\/wp\/v2\/media\/76048"}],"wp:attachment":[{"href":"https:\/\/eldiariodesanpedro.com.ar\/sitio\/wp-json\/wp\/v2\/media?parent=76047"}],"wp:term":[{"taxonomy":"category","embeddable":true,"href":"https:\/\/eldiariodesanpedro.com.ar\/sitio\/wp-json\/wp\/v2\/categories?post=76047"},{"taxonomy":"post_tag","embeddable":true,"href":"https:\/\/eldiariodesanpedro.com.ar\/sitio\/wp-json\/wp\/v2\/tags?post=76047"}],"curies":[{"name":"wp","href":"https:\/\/api.w.org\/{rel}","templated":true}]}}