{"id":76038,"date":"2020-06-18T11:16:10","date_gmt":"2020-06-18T14:16:10","guid":{"rendered":"https:\/\/eldiariodesanpedro.com.ar\/sitio\/?p=76038"},"modified":"2020-06-18T11:16:11","modified_gmt":"2020-06-18T14:16:11","slug":"baradero-si-es-un-hecho-en-legitima-defensa-no-se-aplica-pena","status":"publish","type":"post","link":"https:\/\/eldiariodesanpedro.com.ar\/sitio\/baradero-si-es-un-hecho-en-legitima-defensa-no-se-aplica-pena\/","title":{"rendered":"BARADERO | \u201cSi es un hecho en leg\u00edtima defensa, no se aplica pena\u201d"},"content":{"rendered":"<!-- VideographyWP Plugin Message: Automatic video embedding prevented by plugin options. -->\n\n<p>Lo explic\u00f3 por Tu Radio el Dr. Vicente G\u00f3mez Fiscal de la UFI 9. Lleva adelante la investigaci\u00f3n por la causa en la que muri\u00f3 Julio C\u00e9sar \u00c1vila.<\/p>\n\n\n\n<p>El hecho sucedi\u00f3 este domingo en una vivienda de Cabrera al 1800 cuando \u00c1vila golpeaba a su madre. Su cu\u00f1ado, Bruno G\u00f3mez lo golpe\u00f3 para defender a la mujer.<\/p>\n\n\n\n<p>Las lesiones causaron la muerte de \u00c1vila en la tarde del lunes. G\u00f3mez hab\u00eda sido detenido en primera instancia y luego recuper\u00f3 la libertad.<\/p>\n\n\n\n<p>Esta ma\u00f1ana el Fiscal de la causa explic\u00f3 por Tu Radio que \u201cla caratula es Homicidio en situaci\u00f3n de leg\u00edtima de defensa\u201d.<\/p>\n\n\n\n<p>\u201cSi es un hecho en leg\u00edtima defensa, no se aplica pena\u201d, a\u00f1adi\u00f3 el Dr. G\u00f3mez.<\/p>\n\n\n\n<p>\u201cSi es un hecho excedido en leg\u00edtima defensa con un elemento, ser\u00eda un delito culposo\u201d explic\u00f3 el fiscal.<\/p>\n\n\n\n<p>Adem\u00e1s, confirm\u00f3 que a\u00fan no se realiz\u00f3 la autopsia correspondiente debido al nuevo protocolo de salud establecido ante la emergencia sanitaria.<\/p>\n","protected":false},"excerpt":{"rendered":"<p>Lo explic\u00f3 por Tu Radio el Dr. Vicente G\u00f3mez Fiscal de la UFI 9. Lleva adelante la investigaci\u00f3n por la causa en la que muri\u00f3 Julio C\u00e9sar \u00c1vila. El hecho sucedi\u00f3 este domingo en una vivienda de Cabrera al 1800 cuando \u00c1vila golpeaba a su madre. Su cu\u00f1ado, Bruno G\u00f3mez lo golpe\u00f3 para defender a [&hellip;]<\/p>\n","protected":false},"author":4,"featured_media":76039,"comment_status":"open","ping_status":"closed","sticky":false,"template":"","format":"standard","meta":{"om_disable_all_campaigns":false,"_jetpack_memberships_contains_paid_content":false,"footnotes":""},"categories":[621],"tags":[197,1549,681],"class_list":["post-76038","post","type-post","status-publish","format-standard","has-post-thumbnail","hentry","category-regionales","tag-buenos-aires","tag-defensa","tag-regionales"],"aioseo_notices":[],"gutentor_comment":0,"jetpack_featured_media_url":"https:\/\/eldiariodesanpedro.com.ar\/sitio\/wp-content\/uploads\/2020\/06\/104419983_2341418352834595_3461649431550914862_o.jpg","jetpack_shortlink":"https:\/\/wp.me\/p6RhLt-jMq","jetpack_sharing_enabled":true,"_links":{"self":[{"href":"https:\/\/eldiariodesanpedro.com.ar\/sitio\/wp-json\/wp\/v2\/posts\/76038","targetHints":{"allow":["GET"]}}],"collection":[{"href":"https:\/\/eldiariodesanpedro.com.ar\/sitio\/wp-json\/wp\/v2\/posts"}],"about":[{"href":"https:\/\/eldiariodesanpedro.com.ar\/sitio\/wp-json\/wp\/v2\/types\/post"}],"author":[{"embeddable":true,"href":"https:\/\/eldiariodesanpedro.com.ar\/sitio\/wp-json\/wp\/v2\/users\/4"}],"replies":[{"embeddable":true,"href":"https:\/\/eldiariodesanpedro.com.ar\/sitio\/wp-json\/wp\/v2\/comments?post=76038"}],"version-history":[{"count":1,"href":"https:\/\/eldiariodesanpedro.com.ar\/sitio\/wp-json\/wp\/v2\/posts\/76038\/revisions"}],"predecessor-version":[{"id":76040,"href":"https:\/\/eldiariodesanpedro.com.ar\/sitio\/wp-json\/wp\/v2\/posts\/76038\/revisions\/76040"}],"wp:featuredmedia":[{"embeddable":true,"href":"https:\/\/eldiariodesanpedro.com.ar\/sitio\/wp-json\/wp\/v2\/media\/76039"}],"wp:attachment":[{"href":"https:\/\/eldiariodesanpedro.com.ar\/sitio\/wp-json\/wp\/v2\/media?parent=76038"}],"wp:term":[{"taxonomy":"category","embeddable":true,"href":"https:\/\/eldiariodesanpedro.com.ar\/sitio\/wp-json\/wp\/v2\/categories?post=76038"},{"taxonomy":"post_tag","embeddable":true,"href":"https:\/\/eldiariodesanpedro.com.ar\/sitio\/wp-json\/wp\/v2\/tags?post=76038"}],"curies":[{"name":"wp","href":"https:\/\/api.w.org\/{rel}","templated":true}]}}