{"id":75985,"date":"2020-06-17T18:05:03","date_gmt":"2020-06-17T21:05:03","guid":{"rendered":"https:\/\/eldiariodesanpedro.com.ar\/sitio\/?p=75985"},"modified":"2020-06-17T18:05:07","modified_gmt":"2020-06-17T21:05:07","slug":"los-numeros-de-la-pandemia-en-san-pedro-hasta-hoy-segun-la-secretaria-de-salud","status":"publish","type":"post","link":"https:\/\/eldiariodesanpedro.com.ar\/sitio\/los-numeros-de-la-pandemia-en-san-pedro-hasta-hoy-segun-la-secretaria-de-salud\/","title":{"rendered":"Los n\u00fameros de la pandemia en San Pedro hasta hoy seg\u00fan la Secretaria de Salud"},"content":{"rendered":"<!-- VideographyWP Plugin Message: Automatic video embedding prevented by plugin options. -->\n\n<p>En la anterior conferencia de prensa, aparte de el aviso del ultimo caso que involucra a un prefecto, la Secretaria de Salud tambi\u00e9n brindo n\u00fameros al respecto de como esta la ciudad en materia de salud.<\/p>\n\n\n\n<p>* 41 pacientes se contactaron con la l\u00ednea 148 (l\u00ednea provincial). Pueden comunicarse todas las personas que tienen s\u00edntomas o consultas, y luego de una serie de preguntas que el personal de salud le realiza a todos los que se comunican, se contacta a Regi\u00f3n Sanitaria y luego a la Secretar\u00eda de Salud de la Municipalidad de San Pedro .<\/p>\n\n\n\n<p>*165 consultas a la l\u00ednea 107 (l\u00ednea local) para que los pacientes se puedan comunicar, coordinar o despejar todas sus dudas.<\/p>\n\n\n\n<p>*316 pacientes se atendieron en los consultorios amarillos que funcionan de lunes a s\u00e1bados de 9 a 12 hs, y de lunes a viernes de 16 a 18 hs en el Sector de Salud Mental del Hospital Dr. Emilio Ruffa.<\/p>\n\n\n\n<p>* Hasta la fecha, 209 personas fueron hisopadas y 643 personas aisladas.<\/p>\n\n\n\n<p>*1 paciente positivo testeado en San Pedro (Hombre de 51 que se desempe\u00f1a en Prefectura)<\/p>\n\n\n\n<p>*3 pacientes positivos testeados en otras ciudades: San Nicol\u00e1s (Profesional de la Salud &#8211; &nbsp;<strong>Recuperado<\/strong>), CABA (Paciente del Hospital Naval &#8211;&nbsp;<strong>Recuperado<\/strong>) y Z\u00e1rate (Empleado de la Planta Toyota).<\/p>\n\n\n\n<p>*1 Profesional de la Salud que se desempe\u00f1a en nuestra ciudad, y fue hisopado en Z\u00e1rate (<strong>Recuperado<\/strong>).<\/p>\n\n\n\n<p>*83 personas aisladas en la actualidad.<\/p>\n","protected":false},"excerpt":{"rendered":"<p>En la anterior conferencia de prensa, aparte de el aviso del ultimo caso que involucra a un prefecto, la Secretaria de Salud tambi\u00e9n brindo n\u00fameros al respecto de como esta la ciudad en materia de salud. * 41 pacientes se contactaron con la l\u00ednea 148 (l\u00ednea provincial). Pueden comunicarse todas las personas que tienen s\u00edntomas [&hellip;]<\/p>\n","protected":false},"author":4,"featured_media":75218,"comment_status":"open","ping_status":"closed","sticky":false,"template":"","format":"standard","meta":{"om_disable_all_campaigns":false,"_jetpack_memberships_contains_paid_content":false,"footnotes":""},"categories":[50,101,2],"tags":[33,811,164,19],"class_list":["post-75985","post","type-post","status-publish","format-standard","has-post-thumbnail","hentry","category-destacadas","category-interes-general-locales","category-locales","tag-locales","tag-numeros","tag-salud","tag-san-pedro"],"aioseo_notices":[],"gutentor_comment":0,"jetpack_featured_media_url":"https:\/\/eldiariodesanpedro.com.ar\/sitio\/wp-content\/uploads\/2020\/06\/no_87xbmx9h7nbjov820200605_203853_0000.jpg","jetpack_shortlink":"https:\/\/wp.me\/p6RhLt-jLz","jetpack_sharing_enabled":true,"_links":{"self":[{"href":"https:\/\/eldiariodesanpedro.com.ar\/sitio\/wp-json\/wp\/v2\/posts\/75985","targetHints":{"allow":["GET"]}}],"collection":[{"href":"https:\/\/eldiariodesanpedro.com.ar\/sitio\/wp-json\/wp\/v2\/posts"}],"about":[{"href":"https:\/\/eldiariodesanpedro.com.ar\/sitio\/wp-json\/wp\/v2\/types\/post"}],"author":[{"embeddable":true,"href":"https:\/\/eldiariodesanpedro.com.ar\/sitio\/wp-json\/wp\/v2\/users\/4"}],"replies":[{"embeddable":true,"href":"https:\/\/eldiariodesanpedro.com.ar\/sitio\/wp-json\/wp\/v2\/comments?post=75985"}],"version-history":[{"count":1,"href":"https:\/\/eldiariodesanpedro.com.ar\/sitio\/wp-json\/wp\/v2\/posts\/75985\/revisions"}],"predecessor-version":[{"id":75986,"href":"https:\/\/eldiariodesanpedro.com.ar\/sitio\/wp-json\/wp\/v2\/posts\/75985\/revisions\/75986"}],"wp:featuredmedia":[{"embeddable":true,"href":"https:\/\/eldiariodesanpedro.com.ar\/sitio\/wp-json\/wp\/v2\/media\/75218"}],"wp:attachment":[{"href":"https:\/\/eldiariodesanpedro.com.ar\/sitio\/wp-json\/wp\/v2\/media?parent=75985"}],"wp:term":[{"taxonomy":"category","embeddable":true,"href":"https:\/\/eldiariodesanpedro.com.ar\/sitio\/wp-json\/wp\/v2\/categories?post=75985"},{"taxonomy":"post_tag","embeddable":true,"href":"https:\/\/eldiariodesanpedro.com.ar\/sitio\/wp-json\/wp\/v2\/tags?post=75985"}],"curies":[{"name":"wp","href":"https:\/\/api.w.org\/{rel}","templated":true}]}}