{"id":75957,"date":"2020-06-17T12:52:49","date_gmt":"2020-06-17T15:52:49","guid":{"rendered":"https:\/\/eldiariodesanpedro.com.ar\/sitio\/?p=75957"},"modified":"2020-06-17T12:52:51","modified_gmt":"2020-06-17T15:52:51","slug":"ramallo-vecinos-que-suman-sendas-peatonales-en-3d","status":"publish","type":"post","link":"https:\/\/eldiariodesanpedro.com.ar\/sitio\/ramallo-vecinos-que-suman-sendas-peatonales-en-3d\/","title":{"rendered":"RAMALLO | Vecinos que suman: \u00abSendas peatonales en 3D\u00bb"},"content":{"rendered":"<!-- VideographyWP Plugin Message: Automatic video embedding prevented by plugin options. -->\n\n<p>Noticias que en medio de esta eterna cuarentena hacen bien y da gusto<br>conocerlas. Mirando las redes sociales nos topamos con esta gran imagen, que podemos ver en portada. \u201cUna senda peatonal pintada en 3D\u201d. Se trata de un proyecto municipal. <\/p>\n\n\n\n<p>Investigando dimos con el autor de dicha obra de arte y le hicimos una breve entrevista para que podamos conocer un poco m\u00e1s sobre su trabajo.\u201cSoy Cristi\u00e1n Ridolfi. Me considero una persona multifac\u00e9tica porque siempre estoy emprendiendo nuevos proyectos que me permiten vivir de lo que amo y me gusta hacer\u201d comenz\u00f3 describiendo el artista que nos cautiv\u00f3 con su arte.<\/p>\n\n\n\n<p>Cristi\u00e1n es uno de los emprendedores y artista que tiene nuestro querido partidode Ramallo. Hace un tiempo que se dedica a la construcci\u00f3n de muebles: \u201chace 9 a\u00f1os que me dedico a hacer muebles con madera reciclada, los dise\u00f1os son propios. Tambi\u00e9n hace aproximadamente dos a\u00f1os encar\u00e9 un nuevo proyecto, en el que sigo trabajando, y se trata de un colectivo gastron\u00f3mico, con el cual trabajo en eventos. Se llama el SHADDAI\u201d<\/p>\n\n\n\n<p>Sobre su faceta art\u00edstica en la pintura Ridolfi indic\u00f3 que \u201chace bastante tiempo que Ramallo me conoce por los murales que pint\u00e9 y mis Arte. Tambi\u00e9n hago dibujos y retratos. Mi pasi\u00f3n es el dibujo y la pintura. Cuando me convocaron desde la Secretar\u00eda de Seguridad Municipal, para el proyecto de las sendas peatonales en 3D, no dude ni un segundo y puse manos a la obra en la prueba piloto \u201d. Sobre la calle elegida detall\u00f3 que \u201celegimos esa calle porque hay un merendero en la esquina y nos pareci\u00f3 apropiado. Los vecinos muy contentos con la iniciativa, ser\u00eda bueno hacer estos trabajos en hospitales y en escuelas articulando para que<br>los chicos puedan participar de estas propuestas\u201d.<\/p>\n\n\n\n<p>El proyecto municipal intenta reforzar la seguridad vial del partido y \u00e9l es uno de los artistas convocados. Sobre la primera impresi\u00f3n de estas sendas, Cristi\u00e1n relat\u00f3 que \u201c tuvo muy buena repercusi\u00f3n. Es interesante que la gente de Ramallo sienta que se est\u00e1 trabajando para mayor seguridad Vial y lo bueno de la propuesta es la fusi\u00f3n con el arte, para que todo no sea rutinario\u201d.<\/p>\n\n\n\n<p><strong>Salvando Huellas<\/strong><br>Finalizando la entrevista charlamos sobre las ideas y propuesta que tiene ganas de llevar adelante y nos adelant\u00f3 que \u201cacompa\u00f1ando a esto, me gustar\u00eda anexar otro proyecto importante que lo estamos trabajando junto con mi esposa Sabrina Casaldarnos. Ser\u00eda sobre los animales en la v\u00eda p\u00fablica o rutas y tambi\u00e9n ser\u00eda un proyecto de prevenci\u00f3n de accidentes, tanto para caballos y perros. La idea es, a grandes rasgos, se\u00f1alizar no solo con carteles, sino tambi\u00e9n colocarle collares con cintas reflectivas a los animales que est\u00e9n en situaci\u00f3n de calle. Es un proyecto que la verdad me encantar\u00eda presentar y que lo aprueben. Que la gente, no solo respete su vida y sino tambi\u00e9n la de los animales. Educar un poco sobre la valoraci\u00f3n a la vida. La idea es poder contar con la colaboraci\u00f3n de poblaci\u00f3n para<br>la realizaci\u00f3n de collares, as\u00ed entre todos adaptarnos a la convivencia, ya que somos un pueblo con muchos animales y no estamos exentos a qu\u00e9 en alg\u00fan momento se nos cruce alguno. Aceptar que ellos tambi\u00e9n tienen derecho a vivir c\u00f3mo nosotros y evitar los accidentes. Ese proyect\u00f3 se llamar\u00eda Salvando huellas\u201d concluy\u00f3 Cristian Ridolfi.<\/p>\n\n\n\n<p>Fuente: <a href=\"https:\/\/www.ramalloinforma.com.ar\/sociedad\/vecinos-que-suman-sendas-peatonales-en-3d\/\">Ramallo Informa<\/a><\/p>\n\n\n\n<figure class=\"wp-block-image size-large\"><img decoding=\"async\" width=\"800\" height=\"450\" data-attachment-id=\"75959\" data-permalink=\"https:\/\/eldiariodesanpedro.com.ar\/sitio\/ramallo-vecinos-que-suman-sendas-peatonales-en-3d\/senn\/\" data-orig-file=\"https:\/\/eldiariodesanpedro.com.ar\/sitio\/wp-content\/uploads\/2020\/06\/senn.jpg\" data-orig-size=\"800,450\" data-comments-opened=\"1\" data-image-meta=\"{&quot;aperture&quot;:&quot;0&quot;,&quot;credit&quot;:&quot;&quot;,&quot;camera&quot;:&quot;&quot;,&quot;caption&quot;:&quot;&quot;,&quot;created_timestamp&quot;:&quot;0&quot;,&quot;copyright&quot;:&quot;&quot;,&quot;focal_length&quot;:&quot;0&quot;,&quot;iso&quot;:&quot;0&quot;,&quot;shutter_speed&quot;:&quot;0&quot;,&quot;title&quot;:&quot;&quot;,&quot;orientation&quot;:&quot;0&quot;}\" data-image-title=\"senn\" data-image-description=\"\" data-image-caption=\"\" data-large-file=\"https:\/\/eldiariodesanpedro.com.ar\/sitio\/wp-content\/uploads\/2020\/06\/senn.jpg\" data-src=\"https:\/\/eldiariodesanpedro.com.ar\/sitio\/wp-content\/uploads\/2020\/06\/senn.jpg\" alt=\"\" class=\"wp-image-75959 lazyload\" data-srcset=\"https:\/\/eldiariodesanpedro.com.ar\/sitio\/wp-content\/uploads\/2020\/06\/senn.jpg 800w, https:\/\/eldiariodesanpedro.com.ar\/sitio\/wp-content\/uploads\/2020\/06\/senn-300x169.jpg 300w, https:\/\/eldiariodesanpedro.com.ar\/sitio\/wp-content\/uploads\/2020\/06\/senn-768x432.jpg 768w\" data-sizes=\"(max-width: 800px) 100vw, 800px\" src=\"data:image\/svg+xml;base64,PHN2ZyB3aWR0aD0iMSIgaGVpZ2h0PSIxIiB4bWxucz0iaHR0cDovL3d3dy53My5vcmcvMjAwMC9zdmciPjwvc3ZnPg==\" style=\"--smush-placeholder-width: 800px; --smush-placeholder-aspect-ratio: 800\/450;\" \/><\/figure>\n","protected":false},"excerpt":{"rendered":"<p>Noticias que en medio de esta eterna cuarentena hacen bien y da gustoconocerlas. Mirando las redes sociales nos topamos con esta gran imagen, que podemos ver en portada. \u201cUna senda peatonal pintada en 3D\u201d. Se trata de un proyecto municipal. Investigando dimos con el autor de dicha obra de arte y le hicimos una breve [&hellip;]<\/p>\n","protected":false},"author":4,"featured_media":75958,"comment_status":"open","ping_status":"closed","sticky":false,"template":"","format":"standard","meta":{"om_disable_all_campaigns":false,"_jetpack_memberships_contains_paid_content":false,"footnotes":""},"categories":[621],"tags":[681,1089],"class_list":["post-75957","post","type-post","status-publish","format-standard","has-post-thumbnail","hentry","category-regionales","tag-regionales","tag-vecino"],"aioseo_notices":[],"gutentor_comment":0,"jetpack_featured_media_url":"https:\/\/eldiariodesanpedro.com.ar\/sitio\/wp-content\/uploads\/2020\/06\/send.jpg","jetpack_shortlink":"https:\/\/wp.me\/p6RhLt-jL7","jetpack_sharing_enabled":true,"_links":{"self":[{"href":"https:\/\/eldiariodesanpedro.com.ar\/sitio\/wp-json\/wp\/v2\/posts\/75957","targetHints":{"allow":["GET"]}}],"collection":[{"href":"https:\/\/eldiariodesanpedro.com.ar\/sitio\/wp-json\/wp\/v2\/posts"}],"about":[{"href":"https:\/\/eldiariodesanpedro.com.ar\/sitio\/wp-json\/wp\/v2\/types\/post"}],"author":[{"embeddable":true,"href":"https:\/\/eldiariodesanpedro.com.ar\/sitio\/wp-json\/wp\/v2\/users\/4"}],"replies":[{"embeddable":true,"href":"https:\/\/eldiariodesanpedro.com.ar\/sitio\/wp-json\/wp\/v2\/comments?post=75957"}],"version-history":[{"count":1,"href":"https:\/\/eldiariodesanpedro.com.ar\/sitio\/wp-json\/wp\/v2\/posts\/75957\/revisions"}],"predecessor-version":[{"id":75960,"href":"https:\/\/eldiariodesanpedro.com.ar\/sitio\/wp-json\/wp\/v2\/posts\/75957\/revisions\/75960"}],"wp:featuredmedia":[{"embeddable":true,"href":"https:\/\/eldiariodesanpedro.com.ar\/sitio\/wp-json\/wp\/v2\/media\/75958"}],"wp:attachment":[{"href":"https:\/\/eldiariodesanpedro.com.ar\/sitio\/wp-json\/wp\/v2\/media?parent=75957"}],"wp:term":[{"taxonomy":"category","embeddable":true,"href":"https:\/\/eldiariodesanpedro.com.ar\/sitio\/wp-json\/wp\/v2\/categories?post=75957"},{"taxonomy":"post_tag","embeddable":true,"href":"https:\/\/eldiariodesanpedro.com.ar\/sitio\/wp-json\/wp\/v2\/tags?post=75957"}],"curies":[{"name":"wp","href":"https:\/\/api.w.org\/{rel}","templated":true}]}}