{"id":75945,"date":"2020-06-17T11:51:22","date_gmt":"2020-06-17T14:51:22","guid":{"rendered":"https:\/\/eldiariodesanpedro.com.ar\/sitio\/?p=75945"},"modified":"2020-06-17T11:51:27","modified_gmt":"2020-06-17T14:51:27","slug":"san-nicolas-nicoleno-en-grave-estado-tras-accidente-en-villa-constitucion","status":"publish","type":"post","link":"https:\/\/eldiariodesanpedro.com.ar\/sitio\/san-nicolas-nicoleno-en-grave-estado-tras-accidente-en-villa-constitucion\/","title":{"rendered":"SAN NICOLAS | Nicole\u00f1o en grave estado tras accidente en Villa Constituci\u00f3n"},"content":{"rendered":"<!-- VideographyWP Plugin Message: Automatic video embedding prevented by plugin options. -->\n\n<p>Un joven de San Nicol\u00e1s sufri\u00f3 graves heridas al perder el control de su autom\u00f3vil y estrellarse contra la base de cemento del tejido perimetral de la Zona Franca Santafesina.<\/p>\n\n\n\n<p>El siniestro ocurri\u00f3 en la madrugada del mi\u00e9rcoles y la v\u00edctima fue identificada como Lucas C\u00e1ceres, de aproximadamente 28 a\u00f1os de edad, quien en principio fue asistido en el Hospital Samco y luego trasladado al Hospital San Felipe debido a su lugar de residencia. Presentaba traumatismo enc\u00e9falo craneano severo, politraumatismos y se encontraba en coma.<\/p>\n\n\n\n<p>Alrededor de las 5.30 personal policial fue anoticiado del incidente y al arribar al lugar se encontraron que en la vereda del predio de la Zona Franca Santafesina, a unos 20 metros al sur del port\u00f3n de ingreso, se encontraba un Peugeot 206 de color gris, dominio GTR 826, visiblemente da\u00f1ado, y en su interior, del lado del conductor se hallaba un individuo, aparentemente inconsciente. Acto seguido solicitaron asistencia m\u00e9dica y la presencia de los Bomberos Voluntarios.<\/p>\n\n\n\n<p>Fuente y foto: Diario El Sur<\/p>\n","protected":false},"excerpt":{"rendered":"<p>Un joven de San Nicol\u00e1s sufri\u00f3 graves heridas al perder el control de su autom\u00f3vil y estrellarse contra la base de cemento del tejido perimetral de la Zona Franca Santafesina. El siniestro ocurri\u00f3 en la madrugada del mi\u00e9rcoles y la v\u00edctima fue identificada como Lucas C\u00e1ceres, de aproximadamente 28 a\u00f1os de edad, quien en principio [&hellip;]<\/p>\n","protected":false},"author":4,"featured_media":75946,"comment_status":"open","ping_status":"closed","sticky":false,"template":"","format":"standard","meta":{"om_disable_all_campaigns":false,"_jetpack_memberships_contains_paid_content":false,"footnotes":""},"categories":[621],"tags":[1530,681,714,1531],"class_list":["post-75945","post","type-post","status-publish","format-standard","has-post-thumbnail","hentry","category-regionales","tag-buennos-aires","tag-regionales","tag-san-nicolas","tag-villa-constitucion"],"aioseo_notices":[],"gutentor_comment":0,"jetpack_featured_media_url":"https:\/\/eldiariodesanpedro.com.ar\/sitio\/wp-content\/uploads\/2020\/06\/conmarca26810.jpg","jetpack_shortlink":"https:\/\/wp.me\/p6RhLt-jKV","jetpack_sharing_enabled":true,"_links":{"self":[{"href":"https:\/\/eldiariodesanpedro.com.ar\/sitio\/wp-json\/wp\/v2\/posts\/75945","targetHints":{"allow":["GET"]}}],"collection":[{"href":"https:\/\/eldiariodesanpedro.com.ar\/sitio\/wp-json\/wp\/v2\/posts"}],"about":[{"href":"https:\/\/eldiariodesanpedro.com.ar\/sitio\/wp-json\/wp\/v2\/types\/post"}],"author":[{"embeddable":true,"href":"https:\/\/eldiariodesanpedro.com.ar\/sitio\/wp-json\/wp\/v2\/users\/4"}],"replies":[{"embeddable":true,"href":"https:\/\/eldiariodesanpedro.com.ar\/sitio\/wp-json\/wp\/v2\/comments?post=75945"}],"version-history":[{"count":1,"href":"https:\/\/eldiariodesanpedro.com.ar\/sitio\/wp-json\/wp\/v2\/posts\/75945\/revisions"}],"predecessor-version":[{"id":75947,"href":"https:\/\/eldiariodesanpedro.com.ar\/sitio\/wp-json\/wp\/v2\/posts\/75945\/revisions\/75947"}],"wp:featuredmedia":[{"embeddable":true,"href":"https:\/\/eldiariodesanpedro.com.ar\/sitio\/wp-json\/wp\/v2\/media\/75946"}],"wp:attachment":[{"href":"https:\/\/eldiariodesanpedro.com.ar\/sitio\/wp-json\/wp\/v2\/media?parent=75945"}],"wp:term":[{"taxonomy":"category","embeddable":true,"href":"https:\/\/eldiariodesanpedro.com.ar\/sitio\/wp-json\/wp\/v2\/categories?post=75945"},{"taxonomy":"post_tag","embeddable":true,"href":"https:\/\/eldiariodesanpedro.com.ar\/sitio\/wp-json\/wp\/v2\/tags?post=75945"}],"curies":[{"name":"wp","href":"https:\/\/api.w.org\/{rel}","templated":true}]}}