{"id":75940,"date":"2020-06-17T11:34:13","date_gmt":"2020-06-17T14:34:13","guid":{"rendered":"https:\/\/eldiariodesanpedro.com.ar\/sitio\/?p=75940"},"modified":"2020-06-17T11:37:43","modified_gmt":"2020-06-17T14:37:43","slug":"campana-la-pandemia-y-los-100-casos-de-vecinos-infectados-con-covid-19","status":"publish","type":"post","link":"https:\/\/eldiariodesanpedro.com.ar\/sitio\/campana-la-pandemia-y-los-100-casos-de-vecinos-infectados-con-covid-19\/","title":{"rendered":"CAMPANA | La pandemia y los 100 Casos de vecinos infectados con COVID-19"},"content":{"rendered":"<!-- VideographyWP Plugin Message: Automatic video embedding prevented by plugin options. -->\n\n<p>La impactante cifra fue alcanzada anoche, conforme actualizaci\u00f3n Provincial, y ser\u00eda ratificada hoy en el \u201cInforme Diario\u201d del Municipio.<\/p>\n\n\n\n<p>100. Tres cifras. Impacta. Y promete no detenerse.<\/p>\n\n\n\n<p>Campana llegar\u00eda a los 100 Casos Confirmados de vecinos infectados con COVID-19, desde que comenzara la pandemia.<\/p>\n\n\n\n<p>La cifra, anunciada anoche por el Ministerio de Salud de la Provincia de Buenos Aires, tendr\u00eda ratificaci\u00f3n en el \u201cInforme Diario\u201d de las Autoridades Sanitarias Municipales.<\/p>\n\n\n\n<p>Si tenemos en cuenta que el parte de ayer daba cuenta de 91 Casos Confirmados, ser\u00edan m\u00ednimamente 9 nuevos Positivos los que se anunciar\u00edan hoy.<\/p>\n\n\n\n<p>Fuente: <a href=\"https:\/\/www.campananoticias.com\/noticia\/61522\/pandemia-campana-y-los-100-casos-de-vecinos-infectados-con-covid-19\">Campana Noticias<\/a><\/p>\n","protected":false},"excerpt":{"rendered":"<p>La impactante cifra fue alcanzada anoche, conforme actualizaci\u00f3n Provincial, y ser\u00eda ratificada hoy en el \u201cInforme Diario\u201d del Municipio. 100. Tres cifras. Impacta. Y promete no detenerse. Campana llegar\u00eda a los 100 Casos Confirmados de vecinos infectados con COVID-19, desde que comenzara la pandemia. La cifra, anunciada anoche por el Ministerio de Salud de la [&hellip;]<\/p>\n","protected":false},"author":4,"featured_media":75941,"comment_status":"open","ping_status":"closed","sticky":false,"template":"","format":"standard","meta":{"om_disable_all_campaigns":false,"_jetpack_memberships_contains_paid_content":false,"footnotes":""},"categories":[621],"tags":[197],"class_list":["post-75940","post","type-post","status-publish","format-standard","has-post-thumbnail","hentry","category-regionales","tag-buenos-aires"],"aioseo_notices":[],"gutentor_comment":0,"jetpack_featured_media_url":"https:\/\/eldiariodesanpedro.com.ar\/sitio\/wp-content\/uploads\/2020\/06\/20200617124308.jpg","jetpack_shortlink":"https:\/\/wp.me\/p6RhLt-jKQ","jetpack_sharing_enabled":true,"_links":{"self":[{"href":"https:\/\/eldiariodesanpedro.com.ar\/sitio\/wp-json\/wp\/v2\/posts\/75940","targetHints":{"allow":["GET"]}}],"collection":[{"href":"https:\/\/eldiariodesanpedro.com.ar\/sitio\/wp-json\/wp\/v2\/posts"}],"about":[{"href":"https:\/\/eldiariodesanpedro.com.ar\/sitio\/wp-json\/wp\/v2\/types\/post"}],"author":[{"embeddable":true,"href":"https:\/\/eldiariodesanpedro.com.ar\/sitio\/wp-json\/wp\/v2\/users\/4"}],"replies":[{"embeddable":true,"href":"https:\/\/eldiariodesanpedro.com.ar\/sitio\/wp-json\/wp\/v2\/comments?post=75940"}],"version-history":[{"count":2,"href":"https:\/\/eldiariodesanpedro.com.ar\/sitio\/wp-json\/wp\/v2\/posts\/75940\/revisions"}],"predecessor-version":[{"id":75944,"href":"https:\/\/eldiariodesanpedro.com.ar\/sitio\/wp-json\/wp\/v2\/posts\/75940\/revisions\/75944"}],"wp:featuredmedia":[{"embeddable":true,"href":"https:\/\/eldiariodesanpedro.com.ar\/sitio\/wp-json\/wp\/v2\/media\/75941"}],"wp:attachment":[{"href":"https:\/\/eldiariodesanpedro.com.ar\/sitio\/wp-json\/wp\/v2\/media?parent=75940"}],"wp:term":[{"taxonomy":"category","embeddable":true,"href":"https:\/\/eldiariodesanpedro.com.ar\/sitio\/wp-json\/wp\/v2\/categories?post=75940"},{"taxonomy":"post_tag","embeddable":true,"href":"https:\/\/eldiariodesanpedro.com.ar\/sitio\/wp-json\/wp\/v2\/tags?post=75940"}],"curies":[{"name":"wp","href":"https:\/\/api.w.org\/{rel}","templated":true}]}}