{"id":75937,"date":"2020-06-17T11:26:46","date_gmt":"2020-06-17T14:26:46","guid":{"rendered":"https:\/\/eldiariodesanpedro.com.ar\/sitio\/?p=75937"},"modified":"2020-06-17T11:26:50","modified_gmt":"2020-06-17T14:26:50","slug":"zarate-detienen-a-una-pareja-armada-que-caminaba-por-la-costanera","status":"publish","type":"post","link":"https:\/\/eldiariodesanpedro.com.ar\/sitio\/zarate-detienen-a-una-pareja-armada-que-caminaba-por-la-costanera\/","title":{"rendered":"Z\u00c1RATE | Detienen a una pareja armada que caminaba por la costanera"},"content":{"rendered":"<!-- VideographyWP Plugin Message: Automatic video embedding prevented by plugin options. -->\n\n<p>Efectivos policiales del Comando Z\u00e1rate, zona 7 y 6 procedieron a la detenci\u00f3n de una pareja que en actitud sospechosa caminaba por la zona de la costanera.<\/p>\n\n\n\n<p>El procedimiento se desarroll\u00f3 esta madrugada, a las 03:00, cuando la pareja (masculino de 19 a\u00f1os y feminina de 22) caminaban por la zona de la arenera y colectora costanera en inmediaciones del camino al pescador.<\/p>\n\n\n\n<p>Cuando los agentes policiales los interceptaron, no pudieron justificar el motivo de la permanencia en el lugar. Por lo que al realizar el cacheo preventivo del joven encontraron una pistola de aire comprimido y un cuchillo.<\/p>\n\n\n\n<p>C\u00f3mo consecuencia se estableci\u00f3 que cometieron una infracci\u00f3n al art. 205 del Codigo Penal por violaci\u00f3n de la cuarentena y quedaron a disposici\u00f3n del Juzgado Penal Federal.<\/p>\n\n\n\n<p>Fuente: <a href=\"http:\/\/impactolocal.com.ar\/2020\/06\/16\/detienen-a-una-pareja-armada-que-caminaba-por-la-costanera\/\">Impacto Local<\/a><\/p>\n","protected":false},"excerpt":{"rendered":"<p>Efectivos policiales del Comando Z\u00e1rate, zona 7 y 6 procedieron a la detenci\u00f3n de una pareja que en actitud sospechosa caminaba por la zona de la costanera. El procedimiento se desarroll\u00f3 esta madrugada, a las 03:00, cuando la pareja (masculino de 19 a\u00f1os y feminina de 22) caminaban por la zona de la arenera y [&hellip;]<\/p>\n","protected":false},"author":4,"featured_media":75938,"comment_status":"open","ping_status":"closed","sticky":false,"template":"","format":"standard","meta":{"om_disable_all_campaigns":false,"_jetpack_memberships_contains_paid_content":false,"footnotes":""},"categories":[621],"tags":[681,707],"class_list":["post-75937","post","type-post","status-publish","format-standard","has-post-thumbnail","hentry","category-regionales","tag-regionales","tag-zarate"],"aioseo_notices":[],"gutentor_comment":0,"jetpack_featured_media_url":"https:\/\/eldiariodesanpedro.com.ar\/sitio\/wp-content\/uploads\/2020\/06\/arma-16-06.jpg","jetpack_shortlink":"https:\/\/wp.me\/p6RhLt-jKN","jetpack_sharing_enabled":true,"_links":{"self":[{"href":"https:\/\/eldiariodesanpedro.com.ar\/sitio\/wp-json\/wp\/v2\/posts\/75937","targetHints":{"allow":["GET"]}}],"collection":[{"href":"https:\/\/eldiariodesanpedro.com.ar\/sitio\/wp-json\/wp\/v2\/posts"}],"about":[{"href":"https:\/\/eldiariodesanpedro.com.ar\/sitio\/wp-json\/wp\/v2\/types\/post"}],"author":[{"embeddable":true,"href":"https:\/\/eldiariodesanpedro.com.ar\/sitio\/wp-json\/wp\/v2\/users\/4"}],"replies":[{"embeddable":true,"href":"https:\/\/eldiariodesanpedro.com.ar\/sitio\/wp-json\/wp\/v2\/comments?post=75937"}],"version-history":[{"count":1,"href":"https:\/\/eldiariodesanpedro.com.ar\/sitio\/wp-json\/wp\/v2\/posts\/75937\/revisions"}],"predecessor-version":[{"id":75939,"href":"https:\/\/eldiariodesanpedro.com.ar\/sitio\/wp-json\/wp\/v2\/posts\/75937\/revisions\/75939"}],"wp:featuredmedia":[{"embeddable":true,"href":"https:\/\/eldiariodesanpedro.com.ar\/sitio\/wp-json\/wp\/v2\/media\/75938"}],"wp:attachment":[{"href":"https:\/\/eldiariodesanpedro.com.ar\/sitio\/wp-json\/wp\/v2\/media?parent=75937"}],"wp:term":[{"taxonomy":"category","embeddable":true,"href":"https:\/\/eldiariodesanpedro.com.ar\/sitio\/wp-json\/wp\/v2\/categories?post=75937"},{"taxonomy":"post_tag","embeddable":true,"href":"https:\/\/eldiariodesanpedro.com.ar\/sitio\/wp-json\/wp\/v2\/tags?post=75937"}],"curies":[{"name":"wp","href":"https:\/\/api.w.org\/{rel}","templated":true}]}}