{"id":75934,"date":"2020-06-17T11:07:40","date_gmt":"2020-06-17T14:07:40","guid":{"rendered":"https:\/\/eldiariodesanpedro.com.ar\/sitio\/?p=75934"},"modified":"2020-06-17T11:07:44","modified_gmt":"2020-06-17T14:07:44","slug":"baradero-un-nuevo-caso-de-coronavirus-se-registro-en-la-planta-toyota","status":"publish","type":"post","link":"https:\/\/eldiariodesanpedro.com.ar\/sitio\/baradero-un-nuevo-caso-de-coronavirus-se-registro-en-la-planta-toyota\/","title":{"rendered":"BARADERO | Un nuevo caso de coronavirus se registr\u00f3 en la planta Toyota"},"content":{"rendered":"<!-- VideographyWP Plugin Message: Automatic video embedding prevented by plugin options. -->\n\n<p>Se trata de un trabajador de Baradero y se encuentra en aislamiento. Adem\u00e1s, otros compa\u00f1eros que utilizan el mismo transporte fueron puestos en aislamiento preventivo. Ayer se activaron cuatro protocolos preventivos y llegaron cuatro resultados de los \u00faltimos hisopados que arrojaron resultados negativos.<\/p>\n\n\n\n<p>Hasta el momento la ciudad tiene contabilizados 24 casos de Coronavirus, de los cuales 19 est\u00e1n activos, 4 fueron dados de alta y 1 fallecido.<\/p>\n\n\n\n<p>Buenas noches a toda la comunidad de Baradero. Mi nombre Sabina Solari, soy jefa del departamento de Discapacidad y Tercera Edad de la secretar\u00eda de Desarrollo Humano, tambi\u00e9n me desempe\u00f1o en este momento como nexo institucional entre las instituciones y los establecimientos de salud, la subsecretar\u00eda de Salud y los estamentos regionales, provinciales y nacionales.<\/p>\n\n\n\n<p>En el reporte del d\u00eda de la fecha les vamos a informar que hay actualmente veinticuatro personas en total que han dado COVID- 19 en nuestra ciudad. Diecinueve personas se encuentran cursando la enfermedad en este momento, ya que en el d\u00eda de la fecha hemos recibido la informaci\u00f3n de un nuevo caso positivo.<\/p>\n\n\n\n<p>De un hisopado que ha realizado una empresa de la zona. De los resultados pendientes eran siete, hoy han llegado cuatro resultados, los cuatro resultados han dado negativos. Entre esos cuatro resultados negativos que hemos recibido, se encuentra el de la persona adulta mayor que se encuentra institucionalizada.<\/p>\n\n\n\n<p>En este momento sigue internada para su evoluci\u00f3n cl\u00ednica. Y hoy se ha activado en cuatro oportunidades el protocolo. Por lo cual, nos encontramos en este momento a la espera de siete resultados.<\/p>\n\n\n\n<p>Les recordamos que son semanas dif\u00edciles en todo el pa\u00eds, donde la cantidad de casos se van incrementando pedimos y seguimos insistiendo en extremar todas las medidas de prevenci\u00f3n y de precauci\u00f3n en todos los aspectos y en todos los \u00e1mbitos.<\/p>\n\n\n\n<p>Permanecer en casa, quedamos adentro de la mayor cantidad de tiempo posible, salir \u00fanicamente si es necesario. Las personas en situaci\u00f3n de discapacidad y adultos mayores, as\u00ed como las que ya tienen afecciones o patolog\u00edas de base, les recordamos que por favor tambi\u00e9n extremen las medidas.<\/p>\n\n\n\n<p>As\u00ed como tambi\u00e9n los cuidadores de esas personas deben hacerlo o los familiares que los asistan al ingreso de cada de la vivienda, al momento de asistir a las personas. Recordar siempre realizar una limpieza adecuada y una higiene correcta de los elementos de pr\u00f3tesis, \u00f3rtesis, de sillas de ruedas, de bastones y andadores. Tener especial cuidado de aquellas personas que necesitan apoyo.<\/p>\n\n\n\n<p>Procurar que el apoyo sea el hombro o espalda para dejar libre los brazos ya que como los utilizamos para toser o estornudar esta parte del puede llegar a estar contaminada. Les pedimos tener especial cuidado en eso tambi\u00e9n.<\/p>\n\n\n\n<p>Y tambi\u00e9n las personas que son de baja estatura que tienen enanismo, que necesitan tocar m\u00e1s las superficies o aquellas que no tienen estabilidad y necesitan tocar m\u00e1s las superficies, procurar siempre mantener esas superficies lisas con una higiene correcta y en forma permanente.<\/p>\n\n\n\n<p>Las personas sordas, recordar que para prevenir el coronavirus hay que quedarse en casa. M\u00e1s fr\u00edo y m\u00e1s contagio de coronavirus. Caminar no, salir a correr no, andar en bici no, pasear tampoco, hay que quedarse en casa para prevenir al coronavirus.<\/p>\n\n\n\n<p>Lavarse las manos, limpiar las superficies con alcohol. Por favor si hay dolor de cabeza, si hay dolor de garganta, si hay p\u00e9rdida de olfato, si hay agitaci\u00f3n o falta de aire.<\/p>\n\n\n\n<p>Por favor deben avisar siempre. WhatsApp ahora no, pero Facebook o Instagram, videollamada podemos hacer. Por favor, si hay dolor avisen.<\/p>\n\n\n\n<p>Y en el d\u00eda de ayer, 15 de junio, se conmemora el d\u00eda contra el abuso y maltrato hacia el adulto mayor as\u00ed que bueno no quer\u00edamos dejar pasar esta fecha y esta semana para bueno pedirles este cuidado especial, atenci\u00f3n, a las personas de edad de nuestra cuadra, de nuestra manzana, nuestra familia que tambi\u00e9n est\u00e1n transitando en algunas ocasiones situaciones complejas con lo que tiene que ver con el aislamiento.<\/p>\n\n\n\n<p>Recordar que las personas mayores son la memoria de un pueblo y son maestros de vida. Cuando una sociedad no cuida a sus ancianos niega sus propias ra\u00edces y simplemente sucumbe. Muchas gracias por su atenci\u00f3n.<\/p>\n\n\n\n<p>Fuente: <a href=\"https:\/\/tulineadirecta.com\/un-nuevo-caso-de-coronavirus-se-registro-en-la-planta-toyota\/\">Tu Linea Directa<\/a><\/p>\n","protected":false},"excerpt":{"rendered":"<p>Se trata de un trabajador de Baradero y se encuentra en aislamiento. Adem\u00e1s, otros compa\u00f1eros que utilizan el mismo transporte fueron puestos en aislamiento preventivo. Ayer se activaron cuatro protocolos preventivos y llegaron cuatro resultados de los \u00faltimos hisopados que arrojaron resultados negativos. Hasta el momento la ciudad tiene contabilizados 24 casos de Coronavirus, de [&hellip;]<\/p>\n","protected":false},"author":4,"featured_media":75935,"comment_status":"open","ping_status":"closed","sticky":false,"template":"","format":"standard","meta":{"om_disable_all_campaigns":false,"_jetpack_memberships_contains_paid_content":false,"footnotes":""},"categories":[621],"tags":[1529,681,627],"class_list":["post-75934","post","type-post","status-publish","format-standard","has-post-thumbnail","hentry","category-regionales","tag-nuevo-caso","tag-regionales","tag-toyota"],"aioseo_notices":[],"gutentor_comment":0,"jetpack_featured_media_url":"https:\/\/eldiariodesanpedro.com.ar\/sitio\/wp-content\/uploads\/2020\/06\/reporte-martes-2.png","jetpack_shortlink":"https:\/\/wp.me\/p6RhLt-jKK","jetpack_sharing_enabled":true,"_links":{"self":[{"href":"https:\/\/eldiariodesanpedro.com.ar\/sitio\/wp-json\/wp\/v2\/posts\/75934","targetHints":{"allow":["GET"]}}],"collection":[{"href":"https:\/\/eldiariodesanpedro.com.ar\/sitio\/wp-json\/wp\/v2\/posts"}],"about":[{"href":"https:\/\/eldiariodesanpedro.com.ar\/sitio\/wp-json\/wp\/v2\/types\/post"}],"author":[{"embeddable":true,"href":"https:\/\/eldiariodesanpedro.com.ar\/sitio\/wp-json\/wp\/v2\/users\/4"}],"replies":[{"embeddable":true,"href":"https:\/\/eldiariodesanpedro.com.ar\/sitio\/wp-json\/wp\/v2\/comments?post=75934"}],"version-history":[{"count":1,"href":"https:\/\/eldiariodesanpedro.com.ar\/sitio\/wp-json\/wp\/v2\/posts\/75934\/revisions"}],"predecessor-version":[{"id":75936,"href":"https:\/\/eldiariodesanpedro.com.ar\/sitio\/wp-json\/wp\/v2\/posts\/75934\/revisions\/75936"}],"wp:featuredmedia":[{"embeddable":true,"href":"https:\/\/eldiariodesanpedro.com.ar\/sitio\/wp-json\/wp\/v2\/media\/75935"}],"wp:attachment":[{"href":"https:\/\/eldiariodesanpedro.com.ar\/sitio\/wp-json\/wp\/v2\/media?parent=75934"}],"wp:term":[{"taxonomy":"category","embeddable":true,"href":"https:\/\/eldiariodesanpedro.com.ar\/sitio\/wp-json\/wp\/v2\/categories?post=75934"},{"taxonomy":"post_tag","embeddable":true,"href":"https:\/\/eldiariodesanpedro.com.ar\/sitio\/wp-json\/wp\/v2\/tags?post=75934"}],"curies":[{"name":"wp","href":"https:\/\/api.w.org\/{rel}","templated":true}]}}