{"id":75881,"date":"2020-06-16T18:01:26","date_gmt":"2020-06-16T21:01:26","guid":{"rendered":"https:\/\/eldiariodesanpedro.com.ar\/sitio\/?p=75881"},"modified":"2020-06-16T18:01:27","modified_gmt":"2020-06-16T21:01:27","slug":"ceibas-la-localidad-volvio-a-la-fase-1-de-la-cuarentena","status":"publish","type":"post","link":"https:\/\/eldiariodesanpedro.com.ar\/sitio\/ceibas-la-localidad-volvio-a-la-fase-1-de-la-cuarentena\/","title":{"rendered":"CEIBAS | La localidad volvi\u00f3 a la Fase 1 de la cuarentena"},"content":{"rendered":"<!-- VideographyWP Plugin Message: Automatic video embedding prevented by plugin options. -->\n\n<p>Las autoridades de la Municipalidad de Ceibas, en el departamento Islas, tomaron la decisi\u00f3n de volver a la fase 1 de la cuarentena, en el marco del brote de coronavirus que se registra en la zona.<\/p>\n\n\n\n<p>La determinaci\u00f3n va en l\u00ednea con lo establecido en otras dos localidades cercanas, Ibicuy \u2013donde est\u00e1 el foco de contagio\u2013 y Villa Paranacito.<\/p>\n\n\n\n<p>La intendenta de Ceibas, Sabrina Olano, dio a conocer este lunes al mediod\u00eda que la ciudad regresar\u00e1 por el t\u00e9rmino de una semana a la fase de Aislamiento Social Preventivo y Obligatorio. Por tal motivo se suspenden habilitaciones a determinados comercios, as\u00ed como tambi\u00e9n actividades recreativas y de esparcimiento.<\/p>\n\n\n\n<p>Se advirti\u00f3 adem\u00e1s que las personas residentes en la localidad que provengan de zona de transmisi\u00f3n comunitaria o por conglomerado deber\u00e1n realizar la cuarentena por 14 d\u00edas.<\/p>\n\n\n\n<p>Fuente: El D\u00eda<\/p>\n","protected":false},"excerpt":{"rendered":"<p>Las autoridades de la Municipalidad de Ceibas, en el departamento Islas, tomaron la decisi\u00f3n de volver a la fase 1 de la cuarentena, en el marco del brote de coronavirus que se registra en la zona. La determinaci\u00f3n va en l\u00ednea con lo establecido en otras dos localidades cercanas, Ibicuy \u2013donde est\u00e1 el foco de [&hellip;]<\/p>\n","protected":false},"author":4,"featured_media":75882,"comment_status":"open","ping_status":"closed","sticky":false,"template":"","format":"standard","meta":{"om_disable_all_campaigns":false,"_jetpack_memberships_contains_paid_content":false,"footnotes":""},"categories":[621],"tags":[197,808,681],"class_list":["post-75881","post","type-post","status-publish","format-standard","has-post-thumbnail","hentry","category-regionales","tag-buenos-aires","tag-coronavirus","tag-regionales"],"aioseo_notices":[],"gutentor_comment":0,"jetpack_featured_media_url":"https:\/\/eldiariodesanpedro.com.ar\/sitio\/wp-content\/uploads\/2020\/06\/Ceibas.jpg","jetpack_shortlink":"https:\/\/wp.me\/p6RhLt-jJT","jetpack_sharing_enabled":true,"_links":{"self":[{"href":"https:\/\/eldiariodesanpedro.com.ar\/sitio\/wp-json\/wp\/v2\/posts\/75881","targetHints":{"allow":["GET"]}}],"collection":[{"href":"https:\/\/eldiariodesanpedro.com.ar\/sitio\/wp-json\/wp\/v2\/posts"}],"about":[{"href":"https:\/\/eldiariodesanpedro.com.ar\/sitio\/wp-json\/wp\/v2\/types\/post"}],"author":[{"embeddable":true,"href":"https:\/\/eldiariodesanpedro.com.ar\/sitio\/wp-json\/wp\/v2\/users\/4"}],"replies":[{"embeddable":true,"href":"https:\/\/eldiariodesanpedro.com.ar\/sitio\/wp-json\/wp\/v2\/comments?post=75881"}],"version-history":[{"count":1,"href":"https:\/\/eldiariodesanpedro.com.ar\/sitio\/wp-json\/wp\/v2\/posts\/75881\/revisions"}],"predecessor-version":[{"id":75883,"href":"https:\/\/eldiariodesanpedro.com.ar\/sitio\/wp-json\/wp\/v2\/posts\/75881\/revisions\/75883"}],"wp:featuredmedia":[{"embeddable":true,"href":"https:\/\/eldiariodesanpedro.com.ar\/sitio\/wp-json\/wp\/v2\/media\/75882"}],"wp:attachment":[{"href":"https:\/\/eldiariodesanpedro.com.ar\/sitio\/wp-json\/wp\/v2\/media?parent=75881"}],"wp:term":[{"taxonomy":"category","embeddable":true,"href":"https:\/\/eldiariodesanpedro.com.ar\/sitio\/wp-json\/wp\/v2\/categories?post=75881"},{"taxonomy":"post_tag","embeddable":true,"href":"https:\/\/eldiariodesanpedro.com.ar\/sitio\/wp-json\/wp\/v2\/tags?post=75881"}],"curies":[{"name":"wp","href":"https:\/\/api.w.org\/{rel}","templated":true}]}}