{"id":75878,"date":"2020-06-16T17:57:51","date_gmt":"2020-06-16T20:57:51","guid":{"rendered":"https:\/\/eldiariodesanpedro.com.ar\/sitio\/?p=75878"},"modified":"2020-06-16T17:57:55","modified_gmt":"2020-06-16T20:57:55","slug":"todos-los-beneficiarios-del-ife-tendran-una-cuenta-bancaria-aseguro-la-titular-de-anses","status":"publish","type":"post","link":"https:\/\/eldiariodesanpedro.com.ar\/sitio\/todos-los-beneficiarios-del-ife-tendran-una-cuenta-bancaria-aseguro-la-titular-de-anses\/","title":{"rendered":"Todos los beneficiarios del IFE tendr\u00e1n una cuenta bancaria, asegur\u00f3 la titular de ANSES"},"content":{"rendered":"<!-- VideographyWP Plugin Message: Automatic video embedding prevented by plugin options. -->\n\n<p>Todos los beneficiarios del Ingreso Familiar de Emergencia (IFE) tendr\u00e1n una cuenta bancaria, asegur\u00f3 la titular de la Anses, Fernanda Raverta, quien subray\u00f3 que la pandemia de coronavirus visibiliz\u00f3 la \u201cdesigualdad\u201d que atraviesa a la sociedad argentina y asegur\u00f3 que \u201cvienen tiempos de reparar\u201d.<\/p>\n\n\n\n<p>\u201cLos casi nueve millones de familias -que ya percibieron el primer pago del IFE- van a terminar este cronograma con una cuenta bancaria\u201d, asegur\u00f3 Raverta en declaraciones a Radio Nacional.<\/p>\n\n\n\n<p>Agreg\u00f3 al respecto que \u201clo vamos a hacer de distintas maneras\u201d, y mencion\u00f3 que una de ellas es una nueva aplicaci\u00f3n que est\u00e1 en la p\u00e1gina de Anses para quienes son beneficiarios del IFE pero no de la Asignaci\u00f3n Universal por Hijo (AUH)<\/p>\n\n\n\n<p>Consultada sobre la posibilidad de que contin\u00fae este beneficio en la etapa posterior a la pandemia, Raverta indic\u00f3 que se est\u00e1 analizando \u201cen qu\u00e9 formatos y con qu\u00e9 prestaciones\u201d, por las \u201ccondiciones de las familias para atravesar el tiempo posterior\u201d al Covid-19.<\/p>\n\n\n\n<p>En este sentido, en la entrevista que concedi\u00f3 esta ma\u00f1ana, afirm\u00f3 que \u201cviene un tiempo de mucha solidaridad y mucha ayuda\u201d, y puso el acento en que \u201cla pandemia ech\u00f3 luz sobre la desigualdad en la que vivimos los argentinos y vienen tiempos de reparar\u201d.<\/p>\n","protected":false},"excerpt":{"rendered":"<p>Todos los beneficiarios del Ingreso Familiar de Emergencia (IFE) tendr\u00e1n una cuenta bancaria, asegur\u00f3 la titular de la Anses, Fernanda Raverta, quien subray\u00f3 que la pandemia de coronavirus visibiliz\u00f3 la \u201cdesigualdad\u201d que atraviesa a la sociedad argentina y asegur\u00f3 que \u201cvienen tiempos de reparar\u201d. \u201cLos casi nueve millones de familias -que ya percibieron el primer [&hellip;]<\/p>\n","protected":false},"author":4,"featured_media":75879,"comment_status":"open","ping_status":"closed","sticky":false,"template":"","format":"standard","meta":{"om_disable_all_campaigns":false,"_jetpack_memberships_contains_paid_content":false,"footnotes":""},"categories":[621],"tags":[197,1523,879,1491],"class_list":["post-75878","post","type-post","status-publish","format-standard","has-post-thumbnail","hentry","category-regionales","tag-buenos-aires","tag-cuenta-bancarias","tag-ife","tag-reginales"],"aioseo_notices":[],"gutentor_comment":0,"jetpack_featured_media_url":"https:\/\/eldiariodesanpedro.com.ar\/sitio\/wp-content\/uploads\/2020\/06\/raverta-2-1.png","jetpack_shortlink":"https:\/\/wp.me\/p6RhLt-jJQ","jetpack_sharing_enabled":true,"_links":{"self":[{"href":"https:\/\/eldiariodesanpedro.com.ar\/sitio\/wp-json\/wp\/v2\/posts\/75878","targetHints":{"allow":["GET"]}}],"collection":[{"href":"https:\/\/eldiariodesanpedro.com.ar\/sitio\/wp-json\/wp\/v2\/posts"}],"about":[{"href":"https:\/\/eldiariodesanpedro.com.ar\/sitio\/wp-json\/wp\/v2\/types\/post"}],"author":[{"embeddable":true,"href":"https:\/\/eldiariodesanpedro.com.ar\/sitio\/wp-json\/wp\/v2\/users\/4"}],"replies":[{"embeddable":true,"href":"https:\/\/eldiariodesanpedro.com.ar\/sitio\/wp-json\/wp\/v2\/comments?post=75878"}],"version-history":[{"count":1,"href":"https:\/\/eldiariodesanpedro.com.ar\/sitio\/wp-json\/wp\/v2\/posts\/75878\/revisions"}],"predecessor-version":[{"id":75880,"href":"https:\/\/eldiariodesanpedro.com.ar\/sitio\/wp-json\/wp\/v2\/posts\/75878\/revisions\/75880"}],"wp:featuredmedia":[{"embeddable":true,"href":"https:\/\/eldiariodesanpedro.com.ar\/sitio\/wp-json\/wp\/v2\/media\/75879"}],"wp:attachment":[{"href":"https:\/\/eldiariodesanpedro.com.ar\/sitio\/wp-json\/wp\/v2\/media?parent=75878"}],"wp:term":[{"taxonomy":"category","embeddable":true,"href":"https:\/\/eldiariodesanpedro.com.ar\/sitio\/wp-json\/wp\/v2\/categories?post=75878"},{"taxonomy":"post_tag","embeddable":true,"href":"https:\/\/eldiariodesanpedro.com.ar\/sitio\/wp-json\/wp\/v2\/tags?post=75878"}],"curies":[{"name":"wp","href":"https:\/\/api.w.org\/{rel}","templated":true}]}}