{"id":75875,"date":"2020-06-16T17:55:08","date_gmt":"2020-06-16T20:55:08","guid":{"rendered":"https:\/\/eldiariodesanpedro.com.ar\/sitio\/?p=75875"},"modified":"2020-06-16T17:55:12","modified_gmt":"2020-06-16T20:55:12","slug":"salto-la-ciudad-volvio-a-la-fase-3-de-la-cuarentena","status":"publish","type":"post","link":"https:\/\/eldiariodesanpedro.com.ar\/sitio\/salto-la-ciudad-volvio-a-la-fase-3-de-la-cuarentena\/","title":{"rendered":"SALTO |  La ciudad volvi\u00f3 a la Fase 3 de la cuarentena"},"content":{"rendered":"<!-- VideographyWP Plugin Message: Automatic video embedding prevented by plugin options. -->\n\n<p>As\u00ed lo confirm\u00f3 este martes el Intendente de la Ciudad, Ricardo Alessandro. Sin embargo, asegur\u00f3 que de momento los comercios continuar\u00e1n con atenci\u00f3n hasta las 19:00 horas.<\/p>\n\n\n\n<p>La ciudad de Salto regres\u00f3 a la Fase 3 de la cuarentena ante la situaci\u00f3n epidemiol\u00f3gica de la localidad que, a la fecha, cuenta con 17 casos activos de Coronavirus y un recuperado. En tanto, de momento, se aguardan otros 17 resultados\u00bb<\/p>\n\n\n\n<p>\u201cHemos retrocedido a la fase tres en base a la situaci\u00f3n actual. Se han suspendido las salidas recretativas de los ni\u00f1os y se han suspendido los consultorios externos del Hospital porque lo estamos acondicionado con m\u00e1s camas\u201d, explic\u00f3 el intendente de la localidad, Ricardo Alessandro.&nbsp;<\/p>\n\n\n\n<p>\u201cEl comit\u00e9 de Emergencia Sanitaria se va a reunir para ver c\u00f3mo seguimos\u201d, detall\u00f3.<\/p>\n\n\n\n<p>Adem\u00e1s, el jefe comunal inform\u00f3 que de momento \u00ablos comercios continuar\u00e1n con el horario de atenci\u00f3n implementado d\u00edas atr\u00e1s: es decir, hasta las 19:00\u00bb.<\/p>\n\n\n\n<p>Al ser consultado sobre las personas diagnosticadas con Covid-19 que se encontraban aisladas en un edificio, el Jefe Comunal confirm\u00f3 lo que desde ayer se rumoreaba: se fueron a sus domicilios.&nbsp;<\/p>\n\n\n\n<p>\u00abS\u00ed, se fueron a sus casas porque tienen la libertad de hacer el aislamiento en sus domicilios\u00bb, confirm\u00f3 Alessandro, al tiempo que explic\u00f3: \u00abEst\u00e1n todos siendo debidamente monitoreados por nuestro equipo de salud, incluyendo nuestro infect\u00f3logo, el Dr. Lucas Al\u00e9\u00bb.&nbsp;<\/p>\n\n\n\n<p>En lo que refiere al riesgo de que las personas infectadas lleven adelante el aislamiento en sus domicilios, el Intendente de la ciudad sostuvo que \u00abquien tiene que determinar si es riesgoso o no, es el \u00e1rea de salud, lugar en el que sostienen que no es para nada riesgosa dicha situaci\u00f3n\u00bb.&nbsp;<\/p>\n\n\n\n<p>Respecto a la situaci\u00f3n de los contagiados, Alessandro inform\u00f3 que de los diecisiete casos, dos de ellos est\u00e1n en Terapia Intensiva con estado reservado, se\u00f1alando que uno de ellos tiene un cuadro a\u00fan m\u00e1s grave debido a otras patolog\u00edas\u00bb.\u00a0<\/p>\n\n\n\n<p>Fuente: <a href=\"https:\/\/saltohoy.adiarios.com\/\">Salto Hoy<\/a><\/p>\n","protected":false},"excerpt":{"rendered":"<p>As\u00ed lo confirm\u00f3 este martes el Intendente de la Ciudad, Ricardo Alessandro. Sin embargo, asegur\u00f3 que de momento los comercios continuar\u00e1n con atenci\u00f3n hasta las 19:00 horas. La ciudad de Salto regres\u00f3 a la Fase 3 de la cuarentena ante la situaci\u00f3n epidemiol\u00f3gica de la localidad que, a la fecha, cuenta con 17 casos activos [&hellip;]<\/p>\n","protected":false},"author":4,"featured_media":75876,"comment_status":"open","ping_status":"closed","sticky":false,"template":"","format":"standard","meta":{"om_disable_all_campaigns":false,"_jetpack_memberships_contains_paid_content":false,"footnotes":""},"categories":[621],"tags":[1522,681,1264],"class_list":["post-75875","post","type-post","status-publish","format-standard","has-post-thumbnail","hentry","category-regionales","tag-fase-3","tag-regionales","tag-salto"],"aioseo_notices":[],"gutentor_comment":0,"jetpack_featured_media_url":"https:\/\/eldiariodesanpedro.com.ar\/sitio\/wp-content\/uploads\/2020\/06\/file_61942_main1_1.png","jetpack_shortlink":"https:\/\/wp.me\/p6RhLt-jJN","jetpack_sharing_enabled":true,"_links":{"self":[{"href":"https:\/\/eldiariodesanpedro.com.ar\/sitio\/wp-json\/wp\/v2\/posts\/75875","targetHints":{"allow":["GET"]}}],"collection":[{"href":"https:\/\/eldiariodesanpedro.com.ar\/sitio\/wp-json\/wp\/v2\/posts"}],"about":[{"href":"https:\/\/eldiariodesanpedro.com.ar\/sitio\/wp-json\/wp\/v2\/types\/post"}],"author":[{"embeddable":true,"href":"https:\/\/eldiariodesanpedro.com.ar\/sitio\/wp-json\/wp\/v2\/users\/4"}],"replies":[{"embeddable":true,"href":"https:\/\/eldiariodesanpedro.com.ar\/sitio\/wp-json\/wp\/v2\/comments?post=75875"}],"version-history":[{"count":1,"href":"https:\/\/eldiariodesanpedro.com.ar\/sitio\/wp-json\/wp\/v2\/posts\/75875\/revisions"}],"predecessor-version":[{"id":75877,"href":"https:\/\/eldiariodesanpedro.com.ar\/sitio\/wp-json\/wp\/v2\/posts\/75875\/revisions\/75877"}],"wp:featuredmedia":[{"embeddable":true,"href":"https:\/\/eldiariodesanpedro.com.ar\/sitio\/wp-json\/wp\/v2\/media\/75876"}],"wp:attachment":[{"href":"https:\/\/eldiariodesanpedro.com.ar\/sitio\/wp-json\/wp\/v2\/media?parent=75875"}],"wp:term":[{"taxonomy":"category","embeddable":true,"href":"https:\/\/eldiariodesanpedro.com.ar\/sitio\/wp-json\/wp\/v2\/categories?post=75875"},{"taxonomy":"post_tag","embeddable":true,"href":"https:\/\/eldiariodesanpedro.com.ar\/sitio\/wp-json\/wp\/v2\/tags?post=75875"}],"curies":[{"name":"wp","href":"https:\/\/api.w.org\/{rel}","templated":true}]}}