{"id":75872,"date":"2020-06-16T17:52:30","date_gmt":"2020-06-16T20:52:30","guid":{"rendered":"https:\/\/eldiariodesanpedro.com.ar\/sitio\/?p=75872"},"modified":"2020-06-16T17:52:33","modified_gmt":"2020-06-16T20:52:33","slug":"baradero-robaron-dinero-de-las-alcancias-de-la-iglesia","status":"publish","type":"post","link":"https:\/\/eldiariodesanpedro.com.ar\/sitio\/baradero-robaron-dinero-de-las-alcancias-de-la-iglesia\/","title":{"rendered":"BARADERO | Robaron dinero de las alcanc\u00edas de la iglesia"},"content":{"rendered":"<!-- VideographyWP Plugin Message: Automatic video embedding prevented by plugin options. -->\n\n<p>El hecho se conoci\u00f3 esta ma\u00f1ana y habr\u00eda ocurrido durante el fin de semana. Autores ignorados ingresaron a la Parroquia Santiago Ap\u00f3stol y se llevaron la ofrenda de las alcanc\u00edas donde donan los fieles.<\/p>\n\n\n\n<p>Seg\u00fan expres\u00f3 al m\u00f3vil de Tu Radio el Padre Lucas Mart\u00ednez, barretearon la alcanc\u00eda instalada en el interior de la iglesia.<\/p>\n\n\n\n<p>No se pudo establecer el monto que se llevaron hasta el momento.<\/p>\n\n\n\n<p>El hecho, sumamente repudiable, gener\u00f3 indignaci\u00f3n en la comunidad.<\/p>\n\n\n\n<p>Fuente: <a href=\"https:\/\/tulineadirecta.com\/robaron-dinero-de-las-alcancias-de-la-iglesia\/\">Tu Linea Directa<\/a><\/p>\n","protected":false},"excerpt":{"rendered":"<p>El hecho se conoci\u00f3 esta ma\u00f1ana y habr\u00eda ocurrido durante el fin de semana. Autores ignorados ingresaron a la Parroquia Santiago Ap\u00f3stol y se llevaron la ofrenda de las alcanc\u00edas donde donan los fieles. Seg\u00fan expres\u00f3 al m\u00f3vil de Tu Radio el Padre Lucas Mart\u00ednez, barretearon la alcanc\u00eda instalada en el interior de la iglesia. [&hellip;]<\/p>\n","protected":false},"author":4,"featured_media":75873,"comment_status":"open","ping_status":"closed","sticky":false,"template":"","format":"standard","meta":{"om_disable_all_campaigns":false,"_jetpack_memberships_contains_paid_content":false,"footnotes":""},"categories":[621],"tags":[197,1333,681,680],"class_list":["post-75872","post","type-post","status-publish","format-standard","has-post-thumbnail","hentry","category-regionales","tag-buenos-aires","tag-iglesia","tag-regionales","tag-robo"],"aioseo_notices":[],"gutentor_comment":0,"jetpack_featured_media_url":"https:\/\/eldiariodesanpedro.com.ar\/sitio\/wp-content\/uploads\/2020\/06\/Sin-t\u00edtulo-28.jpg","jetpack_shortlink":"https:\/\/wp.me\/p6RhLt-jJK","jetpack_sharing_enabled":true,"_links":{"self":[{"href":"https:\/\/eldiariodesanpedro.com.ar\/sitio\/wp-json\/wp\/v2\/posts\/75872","targetHints":{"allow":["GET"]}}],"collection":[{"href":"https:\/\/eldiariodesanpedro.com.ar\/sitio\/wp-json\/wp\/v2\/posts"}],"about":[{"href":"https:\/\/eldiariodesanpedro.com.ar\/sitio\/wp-json\/wp\/v2\/types\/post"}],"author":[{"embeddable":true,"href":"https:\/\/eldiariodesanpedro.com.ar\/sitio\/wp-json\/wp\/v2\/users\/4"}],"replies":[{"embeddable":true,"href":"https:\/\/eldiariodesanpedro.com.ar\/sitio\/wp-json\/wp\/v2\/comments?post=75872"}],"version-history":[{"count":1,"href":"https:\/\/eldiariodesanpedro.com.ar\/sitio\/wp-json\/wp\/v2\/posts\/75872\/revisions"}],"predecessor-version":[{"id":75874,"href":"https:\/\/eldiariodesanpedro.com.ar\/sitio\/wp-json\/wp\/v2\/posts\/75872\/revisions\/75874"}],"wp:featuredmedia":[{"embeddable":true,"href":"https:\/\/eldiariodesanpedro.com.ar\/sitio\/wp-json\/wp\/v2\/media\/75873"}],"wp:attachment":[{"href":"https:\/\/eldiariodesanpedro.com.ar\/sitio\/wp-json\/wp\/v2\/media?parent=75872"}],"wp:term":[{"taxonomy":"category","embeddable":true,"href":"https:\/\/eldiariodesanpedro.com.ar\/sitio\/wp-json\/wp\/v2\/categories?post=75872"},{"taxonomy":"post_tag","embeddable":true,"href":"https:\/\/eldiariodesanpedro.com.ar\/sitio\/wp-json\/wp\/v2\/tags?post=75872"}],"curies":[{"name":"wp","href":"https:\/\/api.w.org\/{rel}","templated":true}]}}