{"id":75869,"date":"2020-06-16T17:48:31","date_gmt":"2020-06-16T20:48:31","guid":{"rendered":"https:\/\/eldiariodesanpedro.com.ar\/sitio\/?p=75869"},"modified":"2020-06-16T17:48:34","modified_gmt":"2020-06-16T20:48:34","slug":"campana-dos-detenidos-intentaron-fugarse-cuando-eran-ingresados-al-hospital","status":"publish","type":"post","link":"https:\/\/eldiariodesanpedro.com.ar\/sitio\/campana-dos-detenidos-intentaron-fugarse-cuando-eran-ingresados-al-hospital\/","title":{"rendered":"CAMPANA | Dos detenidos intentaron fugarse cuando eran ingresados al Hospital"},"content":{"rendered":"<!-- VideographyWP Plugin Message: Automatic video embedding prevented by plugin options. -->\n\n<p>El hecho ocurri\u00f3 d\u00edas pasados, cuando luego de ser interceptados por la polic\u00eda portando dos r\u00e9plicas de pistolas, fueron conducidos al Hospital para realizarles el precario m\u00e9dico. Uno de los sujetos logr\u00f3 zafarse las esposas, y tras darle patadas a uno de los efectivos intent\u00f3 huir. Fue herido en una de sus manos de un disparo, y finalmente recapturado.<\/p>\n\n\n\n<p>Dos delincuentes fueron detenidos pero intentaron escapar cuando eran dirigidos al Hospital San Jos\u00e9, donde les realizar\u00edan el precario m\u00e9dico de rigor.<br><br>El hecho ocurri\u00f3 d\u00edas pasados, pero lleg\u00f3 a nuestra redacci\u00f3n en las \u00faltimas horas. Tras investigar lo sucedido, se pudo confirmar que se trat\u00f3 de un sujeto de 35 a\u00f1os y un joven de 17, los cuales hab\u00edan sido interceptados cuando viajaban a bordo de un remis, por Alvear y Urquiza, portando dos r\u00e9plicas de armas de fuego.<br><br>Ambos hab\u00edan sido vistos con las armas falsas en cercan\u00edas de Alberti y Urquiza, pero finalmente efectivos a bordo del m\u00f3vil zona 3 lograron su detenci\u00f3n. Ambos, y como es costumbre, fueron trasladados al Hospital local para someterlos a un control precario m\u00e9dico.<br><br>Sin embargo, el mayor de los delincuentes (el cual sali\u00f3 hace poco de la c\u00e1rcel) logra zafarse las esposas y ataca al Teniente Primero Encina, golpe\u00e1ndolo a patadas. Al intentar arrebatarle el arma, el uniformado efect\u00faa un disparo de escopeta con cartucho Anti Tumulto lesionado en la mano derecha al aprehendido.<br><br>Versiones se\u00f1alan que mientras intentaba fugarse, el malviviente amenazaba a los vecinos que iban marcando el trayecto a la polic\u00eda. Finalmente, fue nuevamente capturado a metros del lugar.<br><br>M\u00e1s all\u00e1 de los golpes, el personal policial sali\u00f3 ileso, haci\u00e9ndose presente en el lugar el Comisario Mario Sotomakado. Las actuaciones tuvieron lugar en la Comisaria Campana, interviniendo adem\u00e1s la Estaci\u00f3n de Polic\u00eda Departamental a cargo del comisario inspector Juan Gabriel G\u00f3mez.<\/p>\n\n\n\n<p>Fuente: Campana Noticias<\/p>\n","protected":false},"excerpt":{"rendered":"<p>El hecho ocurri\u00f3 d\u00edas pasados, cuando luego de ser interceptados por la polic\u00eda portando dos r\u00e9plicas de pistolas, fueron conducidos al Hospital para realizarles el precario m\u00e9dico. Uno de los sujetos logr\u00f3 zafarse las esposas, y tras darle patadas a uno de los efectivos intent\u00f3 huir. Fue herido en una de sus manos de un [&hellip;]<\/p>\n","protected":false},"author":4,"featured_media":75870,"comment_status":"open","ping_status":"closed","sticky":false,"template":"","format":"standard","meta":{"om_disable_all_campaigns":false,"_jetpack_memberships_contains_paid_content":false,"footnotes":""},"categories":[621],"tags":[686,1521,681],"class_list":["post-75869","post","type-post","status-publish","format-standard","has-post-thumbnail","hentry","category-regionales","tag-campana-2","tag-detendios","tag-regionales"],"aioseo_notices":[],"gutentor_comment":0,"jetpack_featured_media_url":"https:\/\/eldiariodesanpedro.com.ar\/sitio\/wp-content\/uploads\/2020\/06\/20200615054717.jpeg","jetpack_shortlink":"https:\/\/wp.me\/p6RhLt-jJH","jetpack_sharing_enabled":true,"_links":{"self":[{"href":"https:\/\/eldiariodesanpedro.com.ar\/sitio\/wp-json\/wp\/v2\/posts\/75869","targetHints":{"allow":["GET"]}}],"collection":[{"href":"https:\/\/eldiariodesanpedro.com.ar\/sitio\/wp-json\/wp\/v2\/posts"}],"about":[{"href":"https:\/\/eldiariodesanpedro.com.ar\/sitio\/wp-json\/wp\/v2\/types\/post"}],"author":[{"embeddable":true,"href":"https:\/\/eldiariodesanpedro.com.ar\/sitio\/wp-json\/wp\/v2\/users\/4"}],"replies":[{"embeddable":true,"href":"https:\/\/eldiariodesanpedro.com.ar\/sitio\/wp-json\/wp\/v2\/comments?post=75869"}],"version-history":[{"count":1,"href":"https:\/\/eldiariodesanpedro.com.ar\/sitio\/wp-json\/wp\/v2\/posts\/75869\/revisions"}],"predecessor-version":[{"id":75871,"href":"https:\/\/eldiariodesanpedro.com.ar\/sitio\/wp-json\/wp\/v2\/posts\/75869\/revisions\/75871"}],"wp:featuredmedia":[{"embeddable":true,"href":"https:\/\/eldiariodesanpedro.com.ar\/sitio\/wp-json\/wp\/v2\/media\/75870"}],"wp:attachment":[{"href":"https:\/\/eldiariodesanpedro.com.ar\/sitio\/wp-json\/wp\/v2\/media?parent=75869"}],"wp:term":[{"taxonomy":"category","embeddable":true,"href":"https:\/\/eldiariodesanpedro.com.ar\/sitio\/wp-json\/wp\/v2\/categories?post=75869"},{"taxonomy":"post_tag","embeddable":true,"href":"https:\/\/eldiariodesanpedro.com.ar\/sitio\/wp-json\/wp\/v2\/tags?post=75869"}],"curies":[{"name":"wp","href":"https:\/\/api.w.org\/{rel}","templated":true}]}}