{"id":75864,"date":"2020-06-16T16:45:43","date_gmt":"2020-06-16T19:45:43","guid":{"rendered":"https:\/\/eldiariodesanpedro.com.ar\/sitio\/?p=75864"},"modified":"2020-06-16T16:45:44","modified_gmt":"2020-06-16T19:45:44","slug":"la-sociedad-rural-comunicado-incendios-en-islas-como-en-el-2008","status":"publish","type":"post","link":"https:\/\/eldiariodesanpedro.com.ar\/sitio\/la-sociedad-rural-comunicado-incendios-en-islas-como-en-el-2008\/","title":{"rendered":"La Sociedad Rural comunicado \u00abIncendios en islas como en el 2008\u00bb"},"content":{"rendered":"<!-- VideographyWP Plugin Message: Automatic video embedding prevented by plugin options. -->\n\n<p>Lamentablemente, una vez m\u00e1s, la simplificaci\u00f3n o la b\u00fasqueda de culpables para un tema sensible como los incendios en la zona de islas, apunta contra productores agropecuarios que, en muchos casos, ya sienten que digan lo que digan, no podr\u00e1n revertir las mentiras reiteradas que se terminan convirtiendo en \u00abverdades\u00bb que no lo son.&nbsp;<\/p>\n\n\n\n<p>Como en el 2008, toda nuestra costa se encuentra afectada por una situaci\u00f3n que debe ser atendida e investigada como corresponde.&nbsp;La Sociedad Rural de San Pedro desea compartir, con quienes est\u00e9n dispuestos a analizar con objetividad estos sucesos, algunos datos importantes.&nbsp;No quedan productores sembrando en la zona de islas porque desde hace tiempo y por m\u00faltiples variables dej\u00f3 de ser de una actividad rentable.<\/p>\n\n\n\n<p>Hay quienes&nbsp;&nbsp;tienen hacienda con mucho riesgo y ser\u00eda irracional prender fuego dado que desaparecer\u00eda el poco pasto que hay en \u00e9sta \u00e9poca.&nbsp;Para muchos vecinos y productores de esas zonas, el riesgo de una maniobra as\u00ed pone en juego sus vidas, m\u00e1s all\u00e1 de su patrimonio.&nbsp;<\/p>\n\n\n\n<p>Por lo tanto, es importante que quien tenga informaci\u00f3n concreta para denunciar, cumpla con la obligaci\u00f3n de hacerlo y evite profundizar la innecesaria pr\u00e1ctica de los \u00faltimos a\u00f1os de colocar a quienes todav\u00eda siguen apostando por la producci\u00f3n, en un lugar de sospecha y cr\u00edtica permanente.<\/p>\n","protected":false},"excerpt":{"rendered":"<p>Lamentablemente, una vez m\u00e1s, la simplificaci\u00f3n o la b\u00fasqueda de culpables para un tema sensible como los incendios en la zona de islas, apunta contra productores agropecuarios que, en muchos casos, ya sienten que digan lo que digan, no podr\u00e1n revertir las mentiras reiteradas que se terminan convirtiendo en \u00abverdades\u00bb que no lo son.&nbsp; Como [&hellip;]<\/p>\n","protected":false},"author":4,"featured_media":75865,"comment_status":"open","ping_status":"closed","sticky":false,"template":"","format":"standard","meta":{"om_disable_all_campaigns":false,"_jetpack_memberships_contains_paid_content":false,"footnotes":""},"categories":[101,2],"tags":[197,33,1431],"class_list":["post-75864","post","type-post","status-publish","format-standard","has-post-thumbnail","hentry","category-interes-general-locales","category-locales","tag-buenos-aires","tag-locales","tag-sociedad-rural"],"aioseo_notices":[],"gutentor_comment":0,"jetpack_featured_media_url":"https:\/\/eldiariodesanpedro.com.ar\/sitio\/wp-content\/uploads\/2020\/06\/incendios.jpg","jetpack_shortlink":"https:\/\/wp.me\/p6RhLt-jJC","jetpack_sharing_enabled":true,"_links":{"self":[{"href":"https:\/\/eldiariodesanpedro.com.ar\/sitio\/wp-json\/wp\/v2\/posts\/75864","targetHints":{"allow":["GET"]}}],"collection":[{"href":"https:\/\/eldiariodesanpedro.com.ar\/sitio\/wp-json\/wp\/v2\/posts"}],"about":[{"href":"https:\/\/eldiariodesanpedro.com.ar\/sitio\/wp-json\/wp\/v2\/types\/post"}],"author":[{"embeddable":true,"href":"https:\/\/eldiariodesanpedro.com.ar\/sitio\/wp-json\/wp\/v2\/users\/4"}],"replies":[{"embeddable":true,"href":"https:\/\/eldiariodesanpedro.com.ar\/sitio\/wp-json\/wp\/v2\/comments?post=75864"}],"version-history":[{"count":1,"href":"https:\/\/eldiariodesanpedro.com.ar\/sitio\/wp-json\/wp\/v2\/posts\/75864\/revisions"}],"predecessor-version":[{"id":75866,"href":"https:\/\/eldiariodesanpedro.com.ar\/sitio\/wp-json\/wp\/v2\/posts\/75864\/revisions\/75866"}],"wp:featuredmedia":[{"embeddable":true,"href":"https:\/\/eldiariodesanpedro.com.ar\/sitio\/wp-json\/wp\/v2\/media\/75865"}],"wp:attachment":[{"href":"https:\/\/eldiariodesanpedro.com.ar\/sitio\/wp-json\/wp\/v2\/media?parent=75864"}],"wp:term":[{"taxonomy":"category","embeddable":true,"href":"https:\/\/eldiariodesanpedro.com.ar\/sitio\/wp-json\/wp\/v2\/categories?post=75864"},{"taxonomy":"post_tag","embeddable":true,"href":"https:\/\/eldiariodesanpedro.com.ar\/sitio\/wp-json\/wp\/v2\/tags?post=75864"}],"curies":[{"name":"wp","href":"https:\/\/api.w.org\/{rel}","templated":true}]}}