{"id":75796,"date":"2020-06-15T11:50:22","date_gmt":"2020-06-15T14:50:22","guid":{"rendered":"https:\/\/eldiariodesanpedro.com.ar\/sitio\/?p=75796"},"modified":"2020-06-15T11:50:25","modified_gmt":"2020-06-15T14:50:25","slug":"ramallo-primer-caso-positivo-de-un-ramallense-en-campana","status":"publish","type":"post","link":"https:\/\/eldiariodesanpedro.com.ar\/sitio\/ramallo-primer-caso-positivo-de-un-ramallense-en-campana\/","title":{"rendered":"RAMALLO | Primer caso positivo de un Ramallense en Campana"},"content":{"rendered":"<!-- VideographyWP Plugin Message: Automatic video embedding prevented by plugin options. -->\n\n<p>Esta noche de domingo se conoci\u00f3 el caso de una mujer oriunda de Ramallo, quien se domiciliar\u00eda en la ciudad cabecera del distrito, que dio positivo al testeo de Coronavirus realizado en la ciudad de Campana.<\/p>\n\n\n\n<p>Esta persona se desempe\u00f1ar\u00eda en Prefectura Naval Argentina, en Ibicuy, por ese motivo se le realiz\u00f3 el hisopado en un nosocomio de all\u00ed, y habr\u00eda estado en Ramallo el \u00faltimo lunes por la madrugada. La informaci\u00f3n oficial brindada desde el \u00e1rea de prensa del municipio da cuenta que de lunes a viernes vive en esa ciudad y regresa los fines de semana a su domicilio.<\/p>\n\n\n\n<p>El Dr. Guillermo Van Kemenade, uno de los Directores M\u00e9dicos del Hospital Gomendio, inform\u00f3 a EL NORTE que ya est\u00e1n en contacto con la familia y les est\u00e1n haciendo el seguimiento correspondiente ante la posible aparici\u00f3n de s\u00edntomas.<\/p>\n\n\n\n<p>Fuente: <a href=\"https:\/\/diarioelnorte.com.ar\/nota?id_noticia=6528\">Diario El Norte<\/a><\/p>\n","protected":false},"excerpt":{"rendered":"<p>Esta noche de domingo se conoci\u00f3 el caso de una mujer oriunda de Ramallo, quien se domiciliar\u00eda en la ciudad cabecera del distrito, que dio positivo al testeo de Coronavirus realizado en la ciudad de Campana. Esta persona se desempe\u00f1ar\u00eda en Prefectura Naval Argentina, en Ibicuy, por ese motivo se le realiz\u00f3 el hisopado en [&hellip;]<\/p>\n","protected":false},"author":4,"featured_media":75797,"comment_status":"open","ping_status":"closed","sticky":false,"template":"","format":"standard","meta":{"om_disable_all_campaigns":false,"_jetpack_memberships_contains_paid_content":false,"footnotes":""},"categories":[621],"tags":[808,1145,1511,681,19],"class_list":["post-75796","post","type-post","status-publish","format-standard","has-post-thumbnail","hentry","category-regionales","tag-coronavirus","tag-positivo","tag-ramallense","tag-regionales","tag-san-pedro"],"aioseo_notices":[],"gutentor_comment":0,"jetpack_featured_media_url":"https:\/\/eldiariodesanpedro.com.ar\/sitio\/wp-content\/uploads\/2020\/06\/0-2-1.jpg","jetpack_shortlink":"https:\/\/wp.me\/p6RhLt-jIw","jetpack_sharing_enabled":true,"_links":{"self":[{"href":"https:\/\/eldiariodesanpedro.com.ar\/sitio\/wp-json\/wp\/v2\/posts\/75796","targetHints":{"allow":["GET"]}}],"collection":[{"href":"https:\/\/eldiariodesanpedro.com.ar\/sitio\/wp-json\/wp\/v2\/posts"}],"about":[{"href":"https:\/\/eldiariodesanpedro.com.ar\/sitio\/wp-json\/wp\/v2\/types\/post"}],"author":[{"embeddable":true,"href":"https:\/\/eldiariodesanpedro.com.ar\/sitio\/wp-json\/wp\/v2\/users\/4"}],"replies":[{"embeddable":true,"href":"https:\/\/eldiariodesanpedro.com.ar\/sitio\/wp-json\/wp\/v2\/comments?post=75796"}],"version-history":[{"count":1,"href":"https:\/\/eldiariodesanpedro.com.ar\/sitio\/wp-json\/wp\/v2\/posts\/75796\/revisions"}],"predecessor-version":[{"id":75798,"href":"https:\/\/eldiariodesanpedro.com.ar\/sitio\/wp-json\/wp\/v2\/posts\/75796\/revisions\/75798"}],"wp:featuredmedia":[{"embeddable":true,"href":"https:\/\/eldiariodesanpedro.com.ar\/sitio\/wp-json\/wp\/v2\/media\/75797"}],"wp:attachment":[{"href":"https:\/\/eldiariodesanpedro.com.ar\/sitio\/wp-json\/wp\/v2\/media?parent=75796"}],"wp:term":[{"taxonomy":"category","embeddable":true,"href":"https:\/\/eldiariodesanpedro.com.ar\/sitio\/wp-json\/wp\/v2\/categories?post=75796"},{"taxonomy":"post_tag","embeddable":true,"href":"https:\/\/eldiariodesanpedro.com.ar\/sitio\/wp-json\/wp\/v2\/tags?post=75796"}],"curies":[{"name":"wp","href":"https:\/\/api.w.org\/{rel}","templated":true}]}}