{"id":75701,"date":"2020-06-13T13:16:39","date_gmt":"2020-06-13T16:16:39","guid":{"rendered":"https:\/\/eldiariodesanpedro.com.ar\/sitio\/?p=75701"},"modified":"2020-06-13T13:16:40","modified_gmt":"2020-06-13T16:16:40","slug":"arrecifes-la-ciudad-corto-la-ruta-de-acceso-a-salto","status":"publish","type":"post","link":"https:\/\/eldiariodesanpedro.com.ar\/sitio\/arrecifes-la-ciudad-corto-la-ruta-de-acceso-a-salto\/","title":{"rendered":"ARRECIFES | La ciudad cort\u00f3 la ruta de acceso a Salto"},"content":{"rendered":"<!-- VideographyWP Plugin Message: Automatic video embedding prevented by plugin options. -->\n\n<p>La Municipalidad de Arrecifes informa que, atento la situaci\u00f3n epidemiol\u00f3gica registrada en la vecina localidad de Salto, se ha dispuesto el cierre del acceso en la ruta 191 a la altura de la rotonda del Club N\u00e1utico.<\/p>\n\n\n\n<p>Esta medida se dispuso en atenci\u00f3n a que, en las \u00faltimas horas, la ciudad de Salto registr\u00f3 14 casos positivos para COVID-19, mientras que 437 personas se encuentran en aislamiento obligatorio.<\/p>\n\n\n\n<p>Fuente: <a href=\"https:\/\/arrecifesnoticias.com\/general\/arrecifes-corto-la-ruta-a-salto\/\">Noticias Arrecifes<\/a><\/p>\n","protected":false},"excerpt":{"rendered":"<p>La Municipalidad de Arrecifes informa que, atento la situaci\u00f3n epidemiol\u00f3gica registrada en la vecina localidad de Salto, se ha dispuesto el cierre del acceso en la ruta 191 a la altura de la rotonda del Club N\u00e1utico. Esta medida se dispuso en atenci\u00f3n a que, en las \u00faltimas horas, la ciudad de Salto registr\u00f3 14 [&hellip;]<\/p>\n","protected":false},"author":4,"featured_media":75685,"comment_status":"open","ping_status":"closed","sticky":false,"template":"","format":"standard","meta":{"om_disable_all_campaigns":false,"_jetpack_memberships_contains_paid_content":false,"footnotes":""},"categories":[621],"tags":[953,640,197,1494,681,527,1264],"class_list":["post-75701","post","type-post","status-publish","format-standard","has-post-thumbnail","hentry","category-regionales","tag-accesos","tag-arrecifes","tag-buenos-aires","tag-cortada","tag-regionales","tag-ruta","tag-salto"],"aioseo_notices":[],"gutentor_comment":0,"jetpack_featured_media_url":"https:\/\/eldiariodesanpedro.com.ar\/sitio\/wp-content\/uploads\/2020\/06\/000084603.jpg","jetpack_shortlink":"https:\/\/wp.me\/p6RhLt-jGZ","jetpack_sharing_enabled":true,"_links":{"self":[{"href":"https:\/\/eldiariodesanpedro.com.ar\/sitio\/wp-json\/wp\/v2\/posts\/75701","targetHints":{"allow":["GET"]}}],"collection":[{"href":"https:\/\/eldiariodesanpedro.com.ar\/sitio\/wp-json\/wp\/v2\/posts"}],"about":[{"href":"https:\/\/eldiariodesanpedro.com.ar\/sitio\/wp-json\/wp\/v2\/types\/post"}],"author":[{"embeddable":true,"href":"https:\/\/eldiariodesanpedro.com.ar\/sitio\/wp-json\/wp\/v2\/users\/4"}],"replies":[{"embeddable":true,"href":"https:\/\/eldiariodesanpedro.com.ar\/sitio\/wp-json\/wp\/v2\/comments?post=75701"}],"version-history":[{"count":1,"href":"https:\/\/eldiariodesanpedro.com.ar\/sitio\/wp-json\/wp\/v2\/posts\/75701\/revisions"}],"predecessor-version":[{"id":75703,"href":"https:\/\/eldiariodesanpedro.com.ar\/sitio\/wp-json\/wp\/v2\/posts\/75701\/revisions\/75703"}],"wp:featuredmedia":[{"embeddable":true,"href":"https:\/\/eldiariodesanpedro.com.ar\/sitio\/wp-json\/wp\/v2\/media\/75685"}],"wp:attachment":[{"href":"https:\/\/eldiariodesanpedro.com.ar\/sitio\/wp-json\/wp\/v2\/media?parent=75701"}],"wp:term":[{"taxonomy":"category","embeddable":true,"href":"https:\/\/eldiariodesanpedro.com.ar\/sitio\/wp-json\/wp\/v2\/categories?post=75701"},{"taxonomy":"post_tag","embeddable":true,"href":"https:\/\/eldiariodesanpedro.com.ar\/sitio\/wp-json\/wp\/v2\/tags?post=75701"}],"curies":[{"name":"wp","href":"https:\/\/api.w.org\/{rel}","templated":true}]}}