{"id":75695,"date":"2020-06-13T12:54:51","date_gmt":"2020-06-13T15:54:51","guid":{"rendered":"https:\/\/eldiariodesanpedro.com.ar\/sitio\/?p=75695"},"modified":"2020-06-13T12:54:55","modified_gmt":"2020-06-13T15:54:55","slug":"ramallo-hallaron-a-un-hombre-muerto-en-un-incendio-de-perez-millan","status":"publish","type":"post","link":"https:\/\/eldiariodesanpedro.com.ar\/sitio\/ramallo-hallaron-a-un-hombre-muerto-en-un-incendio-de-perez-millan\/","title":{"rendered":"RAMALLO | Hallaron a un hombre muerto en un incendio de Perez Millan"},"content":{"rendered":"<!-- VideographyWP Plugin Message: Automatic video embedding prevented by plugin options. -->\n\n<p>Es poca la informaci\u00f3n oficial sobre el suceso. Seg\u00fan inform\u00f3 la radio local del pueblo, un hombre mayor de edad habr\u00eda perdido la vida tras  encontrarse solo dentro de la vivienda incendiada.El hecho sucedi\u00f3 durante la ma\u00f1ana de este  viernes 12 de junio.<\/p>\n\n\n\n<p>Se presupone que el hombre, quien viv\u00eda solo, se hallaba durmiendo en una<br>habitaci\u00f3n cuando las llamas abrazaron su colch\u00f3n provocando el fatal incendio. La primer hip\u00f3tesis sobre su deceso habr\u00eda sido la inhalaci\u00f3n de mon\u00f3xido de carbono.<\/p>\n\n\n\n<p>Fuente: Radio Exitos<\/p>\n","protected":false},"excerpt":{"rendered":"<p>Es poca la informaci\u00f3n oficial sobre el suceso. Seg\u00fan inform\u00f3 la radio local del pueblo, un hombre mayor de edad habr\u00eda perdido la vida tras encontrarse solo dentro de la vivienda incendiada.El hecho sucedi\u00f3 durante la ma\u00f1ana de este viernes 12 de junio. Se presupone que el hombre, quien viv\u00eda solo, se hallaba durmiendo en [&hellip;]<\/p>\n","protected":false},"author":4,"featured_media":75696,"comment_status":"open","ping_status":"closed","sticky":false,"template":"","format":"standard","meta":{"om_disable_all_campaigns":false,"_jetpack_memberships_contains_paid_content":false,"footnotes":""},"categories":[621],"tags":[784,681],"class_list":["post-75695","post","type-post","status-publish","format-standard","has-post-thumbnail","hentry","category-regionales","tag-perez-millan","tag-regionales"],"aioseo_notices":[],"gutentor_comment":0,"jetpack_featured_media_url":"https:\/\/eldiariodesanpedro.com.ar\/sitio\/wp-content\/uploads\/2020\/06\/bomberos.jpg","jetpack_shortlink":"https:\/\/wp.me\/p6RhLt-jGT","jetpack_sharing_enabled":true,"_links":{"self":[{"href":"https:\/\/eldiariodesanpedro.com.ar\/sitio\/wp-json\/wp\/v2\/posts\/75695","targetHints":{"allow":["GET"]}}],"collection":[{"href":"https:\/\/eldiariodesanpedro.com.ar\/sitio\/wp-json\/wp\/v2\/posts"}],"about":[{"href":"https:\/\/eldiariodesanpedro.com.ar\/sitio\/wp-json\/wp\/v2\/types\/post"}],"author":[{"embeddable":true,"href":"https:\/\/eldiariodesanpedro.com.ar\/sitio\/wp-json\/wp\/v2\/users\/4"}],"replies":[{"embeddable":true,"href":"https:\/\/eldiariodesanpedro.com.ar\/sitio\/wp-json\/wp\/v2\/comments?post=75695"}],"version-history":[{"count":1,"href":"https:\/\/eldiariodesanpedro.com.ar\/sitio\/wp-json\/wp\/v2\/posts\/75695\/revisions"}],"predecessor-version":[{"id":75697,"href":"https:\/\/eldiariodesanpedro.com.ar\/sitio\/wp-json\/wp\/v2\/posts\/75695\/revisions\/75697"}],"wp:featuredmedia":[{"embeddable":true,"href":"https:\/\/eldiariodesanpedro.com.ar\/sitio\/wp-json\/wp\/v2\/media\/75696"}],"wp:attachment":[{"href":"https:\/\/eldiariodesanpedro.com.ar\/sitio\/wp-json\/wp\/v2\/media?parent=75695"}],"wp:term":[{"taxonomy":"category","embeddable":true,"href":"https:\/\/eldiariodesanpedro.com.ar\/sitio\/wp-json\/wp\/v2\/categories?post=75695"},{"taxonomy":"post_tag","embeddable":true,"href":"https:\/\/eldiariodesanpedro.com.ar\/sitio\/wp-json\/wp\/v2\/tags?post=75695"}],"curies":[{"name":"wp","href":"https:\/\/api.w.org\/{rel}","templated":true}]}}