{"id":75692,"date":"2020-06-13T12:43:40","date_gmt":"2020-06-13T15:43:40","guid":{"rendered":"https:\/\/eldiariodesanpedro.com.ar\/sitio\/?p=75692"},"modified":"2020-06-13T12:43:44","modified_gmt":"2020-06-13T15:43:44","slug":"salto-quedate-en-tu-casa-y-no-traigas-la-peste-aca-le-gritaron-a-una-empleada-de-bagley-cuando-llegaba-a-su-casa","status":"publish","type":"post","link":"https:\/\/eldiariodesanpedro.com.ar\/sitio\/salto-quedate-en-tu-casa-y-no-traigas-la-peste-aca-le-gritaron-a-una-empleada-de-bagley-cuando-llegaba-a-su-casa\/","title":{"rendered":"SALTO | \u00abQuedate en tu casa y no traigas la peste ac\u00e1\u00bb, le gritaron a una empleada de Bagley cuando llegaba a su casa"},"content":{"rendered":"<!-- VideographyWP Plugin Message: Automatic video embedding prevented by plugin options. -->\n\n<p>Indignaci\u00f3n e impotencia. Esas fueron las sensaciones de Natalia Morales, empleada de la planta de Bagley Salto, quien cont\u00f3 la falta de empat\u00eda y respeto por parte de una mujer que le grit\u00f3 cuando llegaba a su casa.<\/p>\n\n\n\n<p>Una trabajadora de la planta de Bagley Salto, firma que tuvo su primer caso de Coronavirus en un empleado, relat\u00f3 a trav\u00e9s de las redes sociales un hecho lamentable, que deja ver que esta pandemia no nos ha vuelto mejores personas, si no todo lo contrario: sac\u00f3 lo peor de nosotros como sociedad.&nbsp;<\/p>\n\n\n\n<p>La falta de empat\u00eda, solidaridad y respeto son protagonistas por \u00e9stos d\u00edas, hecho que preocupa y genera dolor.&nbsp;<\/p>\n\n\n\n<p>Natalia Morales es empleada de Bagley. Notablemente indignada, escribi\u00f3: \u00bb A vos, cagona, que me gritaste cuando estaba llegando a mi casa &#8216;Quedate en tu casa y no traigas la peste ac\u00e1&#8217; porque trabajo en Bagley, te cuento que, m\u00e1s all\u00e1 de que me hiciste angustiar, siempre tom\u00e9 todas las medidas para cuidarme\u00bb. Y agreg\u00f3: \u00abSiempre fui a trabajar porque no tengo la opci\u00f3n de quedarme en mi casa\u00bb.<\/p>\n\n\n\n<p>En ese sentido, la operaria asegur\u00f3: \u00abSiempre que sal\u00ed lo he hecho con barbijo. No me junto con mis amigas ni con m\u00ed familia porque siempre los cuid\u00e9 y en \u00e9stos casos hay que tener m\u00e1s empat\u00eda por el otro y no ser tan descerebrada como vos\u00bb.<\/p>\n\n\n\n<p>Con dolor e impotencia, Natalia sigui\u00f3: \u00abHay que pensar que much\u00edsima gente la est\u00e1 pasando muy mal, y mi compa\u00f1ero junto a su familia, peor\u00bb.&nbsp;<\/p>\n\n\n\n<p>Y remat\u00f3: \u00abQuedate tranquila que me voy a quedar en mi casa y vos deber\u00eda hacer lo mismo\u00bb.\u00a0<\/p>\n\n\n\n<p>Fuente: <a href=\"https:\/\/saltohoy.adiarios.com\/nota\/446699-quedate-en-tu-casa-y-no-traigas-la-peste-aca-le-gritaron-a-una-empleada-de-bagley-cuando-llegaba-a-su-casa\">Salto Hoy<\/a><\/p>\n","protected":false},"excerpt":{"rendered":"<p>Indignaci\u00f3n e impotencia. Esas fueron las sensaciones de Natalia Morales, empleada de la planta de Bagley Salto, quien cont\u00f3 la falta de empat\u00eda y respeto por parte de una mujer que le grit\u00f3 cuando llegaba a su casa. Una trabajadora de la planta de Bagley Salto, firma que tuvo su primer caso de Coronavirus en [&hellip;]<\/p>\n","protected":false},"author":4,"featured_media":75693,"comment_status":"open","ping_status":"closed","sticky":false,"template":"","format":"standard","meta":{"om_disable_all_campaigns":false,"_jetpack_memberships_contains_paid_content":false,"footnotes":""},"categories":[621],"tags":[197,681],"class_list":["post-75692","post","type-post","status-publish","format-standard","has-post-thumbnail","hentry","category-regionales","tag-buenos-aires","tag-regionales"],"aioseo_notices":[],"gutentor_comment":0,"jetpack_featured_media_url":"https:\/\/eldiariodesanpedro.com.ar\/sitio\/wp-content\/uploads\/2020\/06\/file_61678_main1_0.jpeg","jetpack_shortlink":"https:\/\/wp.me\/p6RhLt-jGQ","jetpack_sharing_enabled":true,"_links":{"self":[{"href":"https:\/\/eldiariodesanpedro.com.ar\/sitio\/wp-json\/wp\/v2\/posts\/75692","targetHints":{"allow":["GET"]}}],"collection":[{"href":"https:\/\/eldiariodesanpedro.com.ar\/sitio\/wp-json\/wp\/v2\/posts"}],"about":[{"href":"https:\/\/eldiariodesanpedro.com.ar\/sitio\/wp-json\/wp\/v2\/types\/post"}],"author":[{"embeddable":true,"href":"https:\/\/eldiariodesanpedro.com.ar\/sitio\/wp-json\/wp\/v2\/users\/4"}],"replies":[{"embeddable":true,"href":"https:\/\/eldiariodesanpedro.com.ar\/sitio\/wp-json\/wp\/v2\/comments?post=75692"}],"version-history":[{"count":1,"href":"https:\/\/eldiariodesanpedro.com.ar\/sitio\/wp-json\/wp\/v2\/posts\/75692\/revisions"}],"predecessor-version":[{"id":75694,"href":"https:\/\/eldiariodesanpedro.com.ar\/sitio\/wp-json\/wp\/v2\/posts\/75692\/revisions\/75694"}],"wp:featuredmedia":[{"embeddable":true,"href":"https:\/\/eldiariodesanpedro.com.ar\/sitio\/wp-json\/wp\/v2\/media\/75693"}],"wp:attachment":[{"href":"https:\/\/eldiariodesanpedro.com.ar\/sitio\/wp-json\/wp\/v2\/media?parent=75692"}],"wp:term":[{"taxonomy":"category","embeddable":true,"href":"https:\/\/eldiariodesanpedro.com.ar\/sitio\/wp-json\/wp\/v2\/categories?post=75692"},{"taxonomy":"post_tag","embeddable":true,"href":"https:\/\/eldiariodesanpedro.com.ar\/sitio\/wp-json\/wp\/v2\/tags?post=75692"}],"curies":[{"name":"wp","href":"https:\/\/api.w.org\/{rel}","templated":true}]}}