{"id":75690,"date":"2020-06-13T12:36:57","date_gmt":"2020-06-13T15:36:57","guid":{"rendered":"https:\/\/eldiariodesanpedro.com.ar\/sitio\/?p=75690"},"modified":"2020-06-13T12:37:00","modified_gmt":"2020-06-13T15:37:00","slug":"baradero-coronavirus-un-nuevo-caso-positivo-y-cuatro-negativos","status":"publish","type":"post","link":"https:\/\/eldiariodesanpedro.com.ar\/sitio\/baradero-coronavirus-un-nuevo-caso-positivo-y-cuatro-negativos\/","title":{"rendered":"BARADERO | Coronavirus: Un nuevo caso positivo y cuatro negativos"},"content":{"rendered":"<!-- VideographyWP Plugin Message: Automatic video embedding prevented by plugin options. -->\n\n<p>Se revelo un nuevo caso positivo en la vecina localidad de Baradero y ya son 9 hasta el momento con uno de ellos fallecidos.<\/p>\n\n\n\n<p>\u00abBuenas noches a todos y todas. Mi nombre es Dar\u00edo Puede. Soy m\u00e9dico del hospital municipal \u201cDr. Lino Pi\u00f1eiro\u201d y vengo a traerles el parte diario.<br>Quiero contarles que a la actualidad tenemos quince personas que dieron positivo para coronavirus COVID-19 en nuestra localidad.<br>Hoy recibimos el resultado de cinco hisopados que est\u00e1bamos esperando. De los cuales, cuatro dieron negativo y uno dio positivo.<\/p>\n\n\n\n<p>Estamos prestando mucha atenci\u00f3n a este caso porque es un paciente que tiene ya de base previa algunas patolog\u00edas que lo hacen considerar un paciente de alto riesgo.<\/p>\n\n\n\n<p>Estamos a la espera de doce resultados hasta el d\u00eda de ayer. A eso le sumamos los cinco hisopados que hicimos hoy, las cinco personas que se hisoparon hoy, con lo cual estar\u00edamos la espera de diecisiete resultados para ver si son positivo o negativo para coronavirus COVID-19.<br>Es importante destacar que tenemos cinco camas ocupadas en sala general, lo cual representa el 10% de las camas hospitalarias que tenemos disponible y no tenemos actualmente ninguna cama de unidad de terapia intensiva ocupada.<br>Lo cual nos dice a las claras que la situaci\u00f3n sanitaria en nuestra localidad est\u00e1 controlada. Esto es importante resaltarlo, as\u00ed tambi\u00e9n como es importante que todos sabemos que estamos encarando un fin de semana largo, y estamos justamente en un pico en nuestra provincia, en la zona, en la regi\u00f3n. Estamos comunicados justamente con el \u00e1rea metropolitana y lo que es Ciudad Aut\u00f3noma de Buenos Aires, a muy pocos kil\u00f3metros, muy comunicados. Por distintas cuestiones, laboral, etc\u00e9tera. Y es all\u00ed donde nos encontramos con el 83% de los casos en nuestro pa\u00eds. Con lo cual debemos extremar las medidas de precauci\u00f3n. No debemos dejar de sostener, de mantener por m\u00e1s dif\u00edcil que sea, sobre todo encarando lo que es un fin de semana largo. Todos sabemos que tenemos ganas de vernos con nuestra familia, juntarnos con nuestros amigos, pero tenemos que evitarlo. Hemos tenido esta semana, en otras localidades de nuestra provincia, casos de gente que ha relajado y hemos tenido producto esa relajamiento contagios masivos.<br>Es por esto que queremos reforzar e insistir en mantener las medidas de higiene, las medidas de distanciamiento y sostener la cuarentena. Es un esfuerzo que sabemos y est\u00e1 comprobado a lo largo y a lo ancho del mundo que resulta, que es efectivo y que cada vez que se ha relajado hemos tenido inconvenientes, hemos tenido contagios masivos. Por eso queremos insistir en esta cuesti\u00f3n de cara al fin de semana largo que tenemos. Aguantarnos las ganas de juntarnos con nuestros seres queridos para seguirnos cuidando. As\u00ed que bueno, sin m\u00e1s nada que decirles, les deseo a todos muy buenas noches\u00bb.<\/p>\n","protected":false},"excerpt":{"rendered":"<p>Se revelo un nuevo caso positivo en la vecina localidad de Baradero y ya son 9 hasta el momento con uno de ellos fallecidos. \u00abBuenas noches a todos y todas. Mi nombre es Dar\u00edo Puede. Soy m\u00e9dico del hospital municipal \u201cDr. Lino Pi\u00f1eiro\u201d y vengo a traerles el parte diario.Quiero contarles que a la actualidad [&hellip;]<\/p>\n","protected":false},"author":4,"featured_media":74447,"comment_status":"open","ping_status":"closed","sticky":false,"template":"","format":"standard","meta":{"om_disable_all_campaigns":false,"_jetpack_memberships_contains_paid_content":false,"footnotes":""},"categories":[621],"tags":[1493,808,681],"class_list":["post-75690","post","type-post","status-publish","format-standard","has-post-thumbnail","hentry","category-regionales","tag-buenos-aures","tag-coronavirus","tag-regionales"],"aioseo_notices":[],"gutentor_comment":0,"jetpack_featured_media_url":"https:\/\/eldiariodesanpedro.com.ar\/sitio\/wp-content\/uploads\/2020\/05\/20200422135806.covid-positivo.jpg","jetpack_shortlink":"https:\/\/wp.me\/p6RhLt-jGO","jetpack_sharing_enabled":true,"_links":{"self":[{"href":"https:\/\/eldiariodesanpedro.com.ar\/sitio\/wp-json\/wp\/v2\/posts\/75690","targetHints":{"allow":["GET"]}}],"collection":[{"href":"https:\/\/eldiariodesanpedro.com.ar\/sitio\/wp-json\/wp\/v2\/posts"}],"about":[{"href":"https:\/\/eldiariodesanpedro.com.ar\/sitio\/wp-json\/wp\/v2\/types\/post"}],"author":[{"embeddable":true,"href":"https:\/\/eldiariodesanpedro.com.ar\/sitio\/wp-json\/wp\/v2\/users\/4"}],"replies":[{"embeddable":true,"href":"https:\/\/eldiariodesanpedro.com.ar\/sitio\/wp-json\/wp\/v2\/comments?post=75690"}],"version-history":[{"count":1,"href":"https:\/\/eldiariodesanpedro.com.ar\/sitio\/wp-json\/wp\/v2\/posts\/75690\/revisions"}],"predecessor-version":[{"id":75691,"href":"https:\/\/eldiariodesanpedro.com.ar\/sitio\/wp-json\/wp\/v2\/posts\/75690\/revisions\/75691"}],"wp:featuredmedia":[{"embeddable":true,"href":"https:\/\/eldiariodesanpedro.com.ar\/sitio\/wp-json\/wp\/v2\/media\/74447"}],"wp:attachment":[{"href":"https:\/\/eldiariodesanpedro.com.ar\/sitio\/wp-json\/wp\/v2\/media?parent=75690"}],"wp:term":[{"taxonomy":"category","embeddable":true,"href":"https:\/\/eldiariodesanpedro.com.ar\/sitio\/wp-json\/wp\/v2\/categories?post=75690"},{"taxonomy":"post_tag","embeddable":true,"href":"https:\/\/eldiariodesanpedro.com.ar\/sitio\/wp-json\/wp\/v2\/tags?post=75690"}],"curies":[{"name":"wp","href":"https:\/\/api.w.org\/{rel}","templated":true}]}}